{"id":4825,"date":"2025-10-31T18:02:35","date_gmt":"2025-10-31T17:02:35","guid":{"rendered":"https:\/\/agora.xtec.cat\/escola-solivent\/?p=4825"},"modified":"2025-10-31T18:02:35","modified_gmt":"2025-10-31T17:02:35","slug":"celebrem-la-festa-de-la-castanyada","status":"publish","type":"post","link":"https:\/\/agora.xtec.cat\/escola-solivent\/general\/celebrem-la-festa-de-la-castanyada\/","title":{"rendered":"CELEBREM LA FESTA DE LA CASTANYADA"},"content":{"rendered":"<p><span style=\"font-weight: 400;\">Un curs m\u00e9s a la nostra escola hem celebrat la castanyada. El dia comen\u00e7a amb tots i totes disfressats, a cada aula es fa un concurs per decidir els guanyadors de millor castanyer\/ra. Com podeu veure en el video les fotografies dels grups classe surten envoltades d\u2019una decoraci\u00f3 de tardor surrealista, perqu\u00e8 com ja sabeu el nostre lema est\u00e0 relacionat amb en Dal\u00ed.<\/span><\/p>\n<p><span style=\"font-weight: 400;\">Tot seguit fem un esmorzar conjunt de tardor.<\/span><\/p>\n<p><span style=\"font-weight: 400;\">Finalment a la tarda es ballen les danses preparades a l\u2019aula de m\u00fasica i ara si ja toca menjar les castanyes torrades per l\u2019AFA de l\u2019escola. Bon\u00edssimes!!<\/span><\/p>\n<p><span style=\"font-weight: 400;\">Quina castanyada tant divertidal!!<\/span><\/p>\n<p>CLICA <a href=\"https:\/\/drive.google.com\/file\/d\/15TSf9g-aaLx-K-ITftNZ5vSe-Jz7kH64\/view?usp=sharing\">AQU\u00cd<\/a> PER VEURE EL V\u00cdDEO<br style=\"font-weight: 400;\" \/><br style=\"font-weight: 400;\" \/><\/p>\n","protected":false},"excerpt":{"rendered":"<p>Un curs m\u00e9s a la nostra escola hem celebrat la castanyada. El dia comen\u00e7a amb tots i totes disfressats, a cada aula es fa un concurs per decidir els guanyadors de millor castanyer\/ra. Com podeu veure en el video les fotografies dels grups classe surten&hellip;  <a href=\"https:\/\/agora.xtec.cat\/escola-solivent\/general\/celebrem-la-festa-de-la-castanyada\/\" title=\"Read CELEBREM LA FESTA DE LA CASTANYADA\">Llegeix m\u00e9s\u00bb<\/a><\/p>\n","protected":false},"author":1,"featured_media":4102,"comment_status":"open","ping_status":"open","sticky":false,"template":"","format":"standard","meta":{"_bbp_topic_count":0,"_bbp_reply_count":0,"_bbp_total_topic_count":0,"_bbp_total_reply_count":0,"_bbp_voice_count":0,"_bbp_anonymous_reply_count":0,"_bbp_topic_count_hidden":0,"_bbp_reply_count_hidden":0,"_bbp_forum_subforum_count":0,"footnotes":""},"categories":[7,1,2,4,5],"tags":[60],"class_list":["post-4825","post","type-post","status-publish","format-standard","has-post-thumbnail","hentry","category-afa","category-general","category-infantil","category-portada","category-primaria","tag-castanyada"],"post_mailing_queue_ids":[],"_links":{"self":[{"href":"https:\/\/agora.xtec.cat\/escola-solivent\/wp-json\/wp\/v2\/posts\/4825","targetHints":{"allow":["GET"]}}],"collection":[{"href":"https:\/\/agora.xtec.cat\/escola-solivent\/wp-json\/wp\/v2\/posts"}],"about":[{"href":"https:\/\/agora.xtec.cat\/escola-solivent\/wp-json\/wp\/v2\/types\/post"}],"author":[{"embeddable":true,"href":"https:\/\/agora.xtec.cat\/escola-solivent\/wp-json\/wp\/v2\/users\/1"}],"replies":[{"embeddable":true,"href":"https:\/\/agora.xtec.cat\/escola-solivent\/wp-json\/wp\/v2\/comments?post=4825"}],"version-history":[{"count":1,"href":"https:\/\/agora.xtec.cat\/escola-solivent\/wp-json\/wp\/v2\/posts\/4825\/revisions"}],"predecessor-version":[{"id":4826,"href":"https:\/\/agora.xtec.cat\/escola-solivent\/wp-json\/wp\/v2\/posts\/4825\/revisions\/4826"}],"wp:featuredmedia":[{"embeddable":true,"href":"https:\/\/agora.xtec.cat\/escola-solivent\/wp-json\/wp\/v2\/media\/4102"}],"wp:attachment":[{"href":"https:\/\/agora.xtec.cat\/escola-solivent\/wp-json\/wp\/v2\/media?parent=4825"}],"wp:term":[{"taxonomy":"category","embeddable":true,"href":"https:\/\/agora.xtec.cat\/escola-solivent\/wp-json\/wp\/v2\/categories?post=4825"},{"taxonomy":"post_tag","embeddable":true,"href":"https:\/\/agora.xtec.cat\/escola-solivent\/wp-json\/wp\/v2\/tags?post=4825"}],"curies":[{"name":"wp","href":"https:\/\/api.w.org\/{rel}","templated":true}]}}