{"id":4817,"date":"2025-10-24T17:03:27","date_gmt":"2025-10-24T15:03:27","guid":{"rendered":"https:\/\/agora.xtec.cat\/escola-solivent\/?p=4817"},"modified":"2025-10-24T17:03:27","modified_gmt":"2025-10-24T15:03:27","slug":"taller-artistic-amb-families-a-cicle-inicial","status":"publish","type":"post","link":"https:\/\/agora.xtec.cat\/escola-solivent\/general\/taller-artistic-amb-families-a-cicle-inicial\/","title":{"rendered":"TALLER ART\u00cdSTIC AMB FAM\u00cdLIES A CICLE INICIAL."},"content":{"rendered":"<p><span style=\"font-weight: 400;\">A cicle inicial continuem investigant, descobrint i gaudint del projecte \u201cLA FAM\u00cdLIA\u201d.\u00a0<\/span><\/p>\n<p><span style=\"font-weight: 400;\">Aquesta setmana i per plasmar alguns dels aprenentatges que anem fent, hem convidat LES NOSTRES FAM\u00cdLIES perqu\u00e8 ens ajudin a representar els diferents tipus de fam\u00edlies existents.<\/span><\/p>\n<p><span style=\"font-weight: 400;\">Gr\u00e0cies a totes i a tots per col\u00b7laborar venint a participar en els tallers i per portar el material que us vam demanar.<\/span><\/p>\n<p><span style=\"font-weight: 400;\"><a href=\"https:\/\/drive.google.com\/drive\/folders\/1JK5BeVXGm9nn3ugDiZTNxcZ3zvUP54UX?usp=sharing\">Aqu\u00ed<\/a> podeu veure un recull de fotografies que hem anat fent durant l\u2019activitat.<\/span><\/p>\n<p>&nbsp;<\/p>\n","protected":false},"excerpt":{"rendered":"<p>A cicle inicial continuem investigant, descobrint i gaudint del projecte \u201cLA FAM\u00cdLIA\u201d.\u00a0<br \/>\nAquesta setmana i per plasmar alguns dels aprenentatges que anem fent, hem convidat LES NOSTRES FAM\u00cdLIES perqu\u00e8 ens ajudin a representar els diferents tipus de fam\u00edlies existents.<br \/>\nGr\u00e0cies a totes i a tots per col\u00b7laborar&hellip;  <a href=\"https:\/\/agora.xtec.cat\/escola-solivent\/general\/taller-artistic-amb-families-a-cicle-inicial\/\" title=\"Read TALLER ART\u00cdSTIC AMB FAM\u00cdLIES A CICLE INICIAL.\">Llegeix m\u00e9s\u00bb<\/a><\/p>\n","protected":false},"author":1,"featured_media":4818,"comment_status":"open","ping_status":"open","sticky":false,"template":"","format":"standard","meta":{"_bbp_topic_count":0,"_bbp_reply_count":0,"_bbp_total_topic_count":0,"_bbp_total_reply_count":0,"_bbp_voice_count":0,"_bbp_anonymous_reply_count":0,"_bbp_topic_count_hidden":0,"_bbp_reply_count_hidden":0,"_bbp_forum_subforum_count":0,"footnotes":""},"categories":[10,11,1,4,5],"tags":[137,66],"class_list":["post-4817","post","type-post","status-publish","format-standard","has-post-thumbnail","hentry","category-1r","category-2n","category-general","category-portada","category-primaria","tag-families","tag-projectes"],"post_mailing_queue_ids":[],"_links":{"self":[{"href":"https:\/\/agora.xtec.cat\/escola-solivent\/wp-json\/wp\/v2\/posts\/4817","targetHints":{"allow":["GET"]}}],"collection":[{"href":"https:\/\/agora.xtec.cat\/escola-solivent\/wp-json\/wp\/v2\/posts"}],"about":[{"href":"https:\/\/agora.xtec.cat\/escola-solivent\/wp-json\/wp\/v2\/types\/post"}],"author":[{"embeddable":true,"href":"https:\/\/agora.xtec.cat\/escola-solivent\/wp-json\/wp\/v2\/users\/1"}],"replies":[{"embeddable":true,"href":"https:\/\/agora.xtec.cat\/escola-solivent\/wp-json\/wp\/v2\/comments?post=4817"}],"version-history":[{"count":1,"href":"https:\/\/agora.xtec.cat\/escola-solivent\/wp-json\/wp\/v2\/posts\/4817\/revisions"}],"predecessor-version":[{"id":4823,"href":"https:\/\/agora.xtec.cat\/escola-solivent\/wp-json\/wp\/v2\/posts\/4817\/revisions\/4823"}],"wp:featuredmedia":[{"embeddable":true,"href":"https:\/\/agora.xtec.cat\/escola-solivent\/wp-json\/wp\/v2\/media\/4818"}],"wp:attachment":[{"href":"https:\/\/agora.xtec.cat\/escola-solivent\/wp-json\/wp\/v2\/media?parent=4817"}],"wp:term":[{"taxonomy":"category","embeddable":true,"href":"https:\/\/agora.xtec.cat\/escola-solivent\/wp-json\/wp\/v2\/categories?post=4817"},{"taxonomy":"post_tag","embeddable":true,"href":"https:\/\/agora.xtec.cat\/escola-solivent\/wp-json\/wp\/v2\/tags?post=4817"}],"curies":[{"name":"wp","href":"https:\/\/api.w.org\/{rel}","templated":true}]}}