{"id":4813,"date":"2025-10-20T12:03:29","date_gmt":"2025-10-20T10:03:29","guid":{"rendered":"https:\/\/agora.xtec.cat\/escola-solivent\/?p=4813"},"modified":"2025-10-20T12:03:29","modified_gmt":"2025-10-20T10:03:29","slug":"som-la-classe-de","status":"publish","type":"post","link":"https:\/\/agora.xtec.cat\/escola-solivent\/infantil\/som-la-classe-de\/","title":{"rendered":"SOM LA CLASSE DE&#8230;"},"content":{"rendered":"<p><span style=\"font-weight: 400;\">A Educaci\u00f3 Infantil ja hem escollit el nom per les nostres aules. Cadasc\u00fa de nosaltres es va endur un paper a casa seva i juntament amb la nostra fam\u00edlia vam pensar com ens agradaria que es digu\u00e9s la nostra aula. A l\u2019escola, vam anar penjant totes les propostes en una paret per tal que les vei\u00e9ssim b\u00e9 i al cap d\u2019uns dies vam fer votacions.\u00a0<\/span><\/p>\n<p><span style=\"font-weight: 400;\">Estem molt contents i contentes amb els noms que han sortit, tot i que totes les propostes van ser genials! Aprendrem moltes coses a partir dels noms de les nostres aules.<\/span><\/p>\n<p><span style=\"font-weight: 400;\">Moltes gr\u00e0cies, fam\u00edlies per la vostra col\u00b7laboraci\u00f3!<\/span><\/p>\n<p>Cliqueu <a href=\"https:\/\/drive.google.com\/file\/d\/10uhj0f21FePRSaFsc6psHsWUuq6NaG3H\/view?usp=sharing\">aqu\u00ed<\/a> per veure el v\u00eddeo.<\/p>\n","protected":false},"excerpt":{"rendered":"<p>A Educaci\u00f3 Infantil ja hem escollit el nom per les nostres aules. Cadasc\u00fa de nosaltres es va endur un paper a casa seva i juntament amb la nostra fam\u00edlia vam pensar com ens agradaria que es digu\u00e9s la nostra aula. A l\u2019escola, vam anar penjant&hellip;  <a href=\"https:\/\/agora.xtec.cat\/escola-solivent\/infantil\/som-la-classe-de\/\" title=\"Read SOM LA CLASSE DE&#8230;\">Llegeix m\u00e9s\u00bb<\/a><\/p>\n","protected":false},"author":1,"featured_media":4814,"comment_status":"open","ping_status":"open","sticky":false,"template":"","format":"standard","meta":{"_bbp_topic_count":0,"_bbp_reply_count":0,"_bbp_total_topic_count":0,"_bbp_total_reply_count":0,"_bbp_voice_count":0,"_bbp_anonymous_reply_count":0,"_bbp_topic_count_hidden":0,"_bbp_reply_count_hidden":0,"_bbp_forum_subforum_count":0,"footnotes":""},"categories":[2,3,8,9,4],"tags":[321,145],"class_list":["post-4813","post","type-post","status-publish","format-standard","has-post-thumbnail","hentry","category-infantil","category-i3","category-i4","category-i5","category-portada","tag-classe","tag-infantil"],"post_mailing_queue_ids":[],"_links":{"self":[{"href":"https:\/\/agora.xtec.cat\/escola-solivent\/wp-json\/wp\/v2\/posts\/4813","targetHints":{"allow":["GET"]}}],"collection":[{"href":"https:\/\/agora.xtec.cat\/escola-solivent\/wp-json\/wp\/v2\/posts"}],"about":[{"href":"https:\/\/agora.xtec.cat\/escola-solivent\/wp-json\/wp\/v2\/types\/post"}],"author":[{"embeddable":true,"href":"https:\/\/agora.xtec.cat\/escola-solivent\/wp-json\/wp\/v2\/users\/1"}],"replies":[{"embeddable":true,"href":"https:\/\/agora.xtec.cat\/escola-solivent\/wp-json\/wp\/v2\/comments?post=4813"}],"version-history":[{"count":1,"href":"https:\/\/agora.xtec.cat\/escola-solivent\/wp-json\/wp\/v2\/posts\/4813\/revisions"}],"predecessor-version":[{"id":4815,"href":"https:\/\/agora.xtec.cat\/escola-solivent\/wp-json\/wp\/v2\/posts\/4813\/revisions\/4815"}],"wp:featuredmedia":[{"embeddable":true,"href":"https:\/\/agora.xtec.cat\/escola-solivent\/wp-json\/wp\/v2\/media\/4814"}],"wp:attachment":[{"href":"https:\/\/agora.xtec.cat\/escola-solivent\/wp-json\/wp\/v2\/media?parent=4813"}],"wp:term":[{"taxonomy":"category","embeddable":true,"href":"https:\/\/agora.xtec.cat\/escola-solivent\/wp-json\/wp\/v2\/categories?post=4813"},{"taxonomy":"post_tag","embeddable":true,"href":"https:\/\/agora.xtec.cat\/escola-solivent\/wp-json\/wp\/v2\/tags?post=4813"}],"curies":[{"name":"wp","href":"https:\/\/api.w.org\/{rel}","templated":true}]}}