{"id":4798,"date":"2025-10-02T16:30:07","date_gmt":"2025-10-02T14:30:07","guid":{"rendered":"https:\/\/agora.xtec.cat\/escola-solivent\/?p=4798"},"modified":"2025-10-02T16:30:07","modified_gmt":"2025-10-02T14:30:07","slug":"circuit-comarcal-de-cros-25-26","status":"publish","type":"post","link":"https:\/\/agora.xtec.cat\/escola-solivent\/general\/circuit-comarcal-de-cros-25-26\/","title":{"rendered":"CIRCUIT COMARCAL DE CROS 25-26"},"content":{"rendered":"<p><a href=\"https:\/\/agora.xtec.cat\/escola-solivent\/wp-content\/uploads\/usu1558\/2025\/10\/circuit-cross.jpg\"><img loading=\"lazy\" decoding=\"async\" class=\"aligncenter size-medium wp-image-4799\" src=\"https:\/\/agora.xtec.cat\/escola-solivent\/wp-content\/uploads\/usu1558\/2025\/10\/circuit-cross-212x300.jpg\" alt=\"\" width=\"212\" height=\"300\" srcset=\"https:\/\/agora.xtec.cat\/escola-solivent\/wp-content\/uploads\/usu1558\/2025\/10\/circuit-cross-212x300.jpg 212w, https:\/\/agora.xtec.cat\/escola-solivent\/wp-content\/uploads\/usu1558\/2025\/10\/circuit-cross.jpg 578w\" sizes=\"auto, (max-width: 212px) 100vw, 212px\" \/><\/a><\/p>\n<div>Any rere any,\u00a0des del Consell Esportiu de l\u2019Alt Empord\u00e0 s&#8217;organitza el Circuit Comarcal de Cros conjuntament amb Ajuntaments, AFAS i entitats esportives de la nostra comarca.<\/div>\n<div><\/div>\n<div>Aquest programa esportiu consta de<b>\u00a0cinc proves atl\u00e8tiques no urbanes\u00a0<\/b>calendaritzades entre els<b>\u00a0mesos de novembre del 2025 i gener del 2026.<\/b><\/div>\n<div><b>\u00a0<\/b><\/div>\n<div><b><u>Aspectes a tenir en compte:<\/u><\/b><\/div>\n<div><\/div>\n<ul>\n<li>\n<div role=\"presentation\">Els esportistes partipants hauran de rec\u00f3rrer dist\u00e0ncies que oscil\u00b7len des dels 300m fins als 2000m en funci\u00f3 de la seva l&#8217;edat i categoria.<\/div>\n<\/li>\n<li>\n<div role=\"presentation\">La participaci\u00f3 est\u00e0 oberta a tot el p\u00fablic a partir dels\u00a0<b>3 anys (cursant I3) fins la categoria Absolut.<\/b><\/div>\n<\/li>\n<\/ul>\n<div><\/div>\n<div>Aquest curs, les 5 proves es duran a terme als seg\u00fcents municipis, totes en dissabtes:<\/div>\n<div><b><i><u>\u00a0<\/u><\/i><\/b><\/div>\n<div><b><u>CALENDARI:<\/u><\/b><\/div>\n<div>\u00b7 \u00a0 \u00a0\u00a0<b>\u00a0 1a Prova:<\/b>\u00a0<b>MA\u00c7ANET DE CABRENYS\u00a0&#8211; 8\/11\/25<\/b><\/div>\n<div><b>\u00b7 \u00a0 \u00a0 \u00a0 2a Prova: NAVATA &#8211; 15\/11\/2025<\/b><\/div>\n<div><b>\u00b7 \u00a0 \u00a0 \u00a0 3a Prova: SANT MIQUEL DE FLUVI\u00c0 &#8211; 29\/11\/2025<\/b><\/div>\n<div><b>\u00b7 \u00a0 \u00a0 \u00a0 4a Prova: \u00a0L&#8217;ESCALA &#8211; 13\/12\/2025<\/b><\/div>\n<div><b>\u00b7 \u00a0 \u00a0 \u00a0 5a Prova: FIGUERES- 24\/01\/2026<\/b><\/div>\n","protected":false},"excerpt":{"rendered":"<p><a href=\"https:\/\/agora.xtec.cat\/escola-solivent\/wp-content\/uploads\/usu1558\/2025\/10\/circuit-cross.jpg\"><\/a><br \/>\nAny rere any,\u00a0des del Consell Esportiu de l\u2019Alt Empord\u00e0 s&#8217;organitza el Circuit Comarcal de Cros conjuntament amb Ajuntaments, AFAS i entitats esportives de la nostra comarca.<\/p>\n<p>Aquest programa esportiu consta de\u00a0cinc proves atl\u00e8tiques no urbanes\u00a0calendaritzades entre els\u00a0mesos de novembre del 2025 i gener del 2026.<br \/>\n\u00a0<br \/>\nAspectes&hellip;  <a href=\"https:\/\/agora.xtec.cat\/escola-solivent\/general\/circuit-comarcal-de-cros-25-26\/\" title=\"Read CIRCUIT COMARCAL DE CROS 25-26\">Llegeix m\u00e9s\u00bb<\/a><\/p>\n","protected":false},"author":1,"featured_media":4799,"comment_status":"open","ping_status":"open","sticky":false,"template":"","format":"standard","meta":{"_bbp_topic_count":0,"_bbp_reply_count":0,"_bbp_total_topic_count":0,"_bbp_total_reply_count":0,"_bbp_voice_count":0,"_bbp_anonymous_reply_count":0,"_bbp_topic_count_hidden":0,"_bbp_reply_count_hidden":0,"_bbp_forum_subforum_count":0,"footnotes":""},"categories":[1,2,4,5],"tags":[],"class_list":["post-4798","post","type-post","status-publish","format-standard","has-post-thumbnail","hentry","category-general","category-infantil","category-portada","category-primaria"],"post_mailing_queue_ids":[],"_links":{"self":[{"href":"https:\/\/agora.xtec.cat\/escola-solivent\/wp-json\/wp\/v2\/posts\/4798","targetHints":{"allow":["GET"]}}],"collection":[{"href":"https:\/\/agora.xtec.cat\/escola-solivent\/wp-json\/wp\/v2\/posts"}],"about":[{"href":"https:\/\/agora.xtec.cat\/escola-solivent\/wp-json\/wp\/v2\/types\/post"}],"author":[{"embeddable":true,"href":"https:\/\/agora.xtec.cat\/escola-solivent\/wp-json\/wp\/v2\/users\/1"}],"replies":[{"embeddable":true,"href":"https:\/\/agora.xtec.cat\/escola-solivent\/wp-json\/wp\/v2\/comments?post=4798"}],"version-history":[{"count":1,"href":"https:\/\/agora.xtec.cat\/escola-solivent\/wp-json\/wp\/v2\/posts\/4798\/revisions"}],"predecessor-version":[{"id":4800,"href":"https:\/\/agora.xtec.cat\/escola-solivent\/wp-json\/wp\/v2\/posts\/4798\/revisions\/4800"}],"wp:featuredmedia":[{"embeddable":true,"href":"https:\/\/agora.xtec.cat\/escola-solivent\/wp-json\/wp\/v2\/media\/4799"}],"wp:attachment":[{"href":"https:\/\/agora.xtec.cat\/escola-solivent\/wp-json\/wp\/v2\/media?parent=4798"}],"wp:term":[{"taxonomy":"category","embeddable":true,"href":"https:\/\/agora.xtec.cat\/escola-solivent\/wp-json\/wp\/v2\/categories?post=4798"},{"taxonomy":"post_tag","embeddable":true,"href":"https:\/\/agora.xtec.cat\/escola-solivent\/wp-json\/wp\/v2\/tags?post=4798"}],"curies":[{"name":"wp","href":"https:\/\/api.w.org\/{rel}","templated":true}]}}