{"id":4792,"date":"2025-09-30T09:15:12","date_gmt":"2025-09-30T07:15:12","guid":{"rendered":"https:\/\/agora.xtec.cat\/escola-solivent\/?p=4792"},"modified":"2025-09-30T09:15:12","modified_gmt":"2025-09-30T07:15:12","slug":"colonies-dinici-de-curs-25-26","status":"publish","type":"post","link":"https:\/\/agora.xtec.cat\/escola-solivent\/general\/colonies-dinici-de-curs-25-26\/","title":{"rendered":"COL\u00d2NIES D&#8217;INICI DE CURS 25-26"},"content":{"rendered":"<p>El passat dijous 18 i divendres 19 de setembre es van realitzar les col\u00f2nies de conviv\u00e8ncia dels alumnes d\u2019infantil 4 fins a 6\u00e8.<\/p>\n<p>Unes col\u00f2nies que ens van servir per teixir nous vincles i coneixe\u2019ns una mica m\u00e9s.<\/p>\n<p>La valoraci\u00f3 va ser molt positiva i ens ho vam passar molt b\u00e9.<\/p>\n<p><a href=\"https:\/\/drive.google.com\/file\/d\/1WtvrEYb0V91haFX0qQq83UXvXxO-160x\/view?usp=sharing\">Enlla\u00e7 del v\u00eddeo de les col\u00f2nies 25-26<\/a><\/p>\n<p>&nbsp;<\/p>\n<h4 style=\"text-align: center;\"><strong>FELICITEM A TOTS ELS NENS I NENES PER LA SEVA GRAN ACTITUD!<\/strong><\/h4>\n","protected":false},"excerpt":{"rendered":"<p>El passat dijous 18 i divendres 19 de setembre es van realitzar les col\u00f2nies de conviv\u00e8ncia dels alumnes d\u2019infantil 4 fins a 6\u00e8.<br \/>\nUnes col\u00f2nies que ens van servir per teixir nous vincles i coneixe\u2019ns una mica m\u00e9s.<br \/>\nLa valoraci\u00f3 va ser molt positiva i ens ho&hellip;  <a href=\"https:\/\/agora.xtec.cat\/escola-solivent\/general\/colonies-dinici-de-curs-25-26\/\" title=\"Read COL\u00d2NIES D&#8217;INICI DE CURS 25-26\">Llegeix m\u00e9s\u00bb<\/a><\/p>\n","protected":false},"author":1,"featured_media":4793,"comment_status":"open","ping_status":"open","sticky":false,"template":"","format":"standard","meta":{"_bbp_topic_count":0,"_bbp_reply_count":0,"_bbp_total_topic_count":0,"_bbp_total_reply_count":0,"_bbp_voice_count":0,"_bbp_anonymous_reply_count":0,"_bbp_topic_count_hidden":0,"_bbp_reply_count_hidden":0,"_bbp_forum_subforum_count":0,"footnotes":""},"categories":[1,2,4,5],"tags":[86,221,100],"class_list":["post-4792","post","type-post","status-publish","format-standard","has-post-thumbnail","hentry","category-general","category-infantil","category-portada","category-primaria","tag-colonies","tag-convivencia","tag-inici-de-curs"],"post_mailing_queue_ids":[],"_links":{"self":[{"href":"https:\/\/agora.xtec.cat\/escola-solivent\/wp-json\/wp\/v2\/posts\/4792","targetHints":{"allow":["GET"]}}],"collection":[{"href":"https:\/\/agora.xtec.cat\/escola-solivent\/wp-json\/wp\/v2\/posts"}],"about":[{"href":"https:\/\/agora.xtec.cat\/escola-solivent\/wp-json\/wp\/v2\/types\/post"}],"author":[{"embeddable":true,"href":"https:\/\/agora.xtec.cat\/escola-solivent\/wp-json\/wp\/v2\/users\/1"}],"replies":[{"embeddable":true,"href":"https:\/\/agora.xtec.cat\/escola-solivent\/wp-json\/wp\/v2\/comments?post=4792"}],"version-history":[{"count":1,"href":"https:\/\/agora.xtec.cat\/escola-solivent\/wp-json\/wp\/v2\/posts\/4792\/revisions"}],"predecessor-version":[{"id":4794,"href":"https:\/\/agora.xtec.cat\/escola-solivent\/wp-json\/wp\/v2\/posts\/4792\/revisions\/4794"}],"wp:featuredmedia":[{"embeddable":true,"href":"https:\/\/agora.xtec.cat\/escola-solivent\/wp-json\/wp\/v2\/media\/4793"}],"wp:attachment":[{"href":"https:\/\/agora.xtec.cat\/escola-solivent\/wp-json\/wp\/v2\/media?parent=4792"}],"wp:term":[{"taxonomy":"category","embeddable":true,"href":"https:\/\/agora.xtec.cat\/escola-solivent\/wp-json\/wp\/v2\/categories?post=4792"},{"taxonomy":"post_tag","embeddable":true,"href":"https:\/\/agora.xtec.cat\/escola-solivent\/wp-json\/wp\/v2\/tags?post=4792"}],"curies":[{"name":"wp","href":"https:\/\/api.w.org\/{rel}","templated":true}]}}