{"id":4729,"date":"2025-06-15T21:25:34","date_gmt":"2025-06-15T19:25:34","guid":{"rendered":"https:\/\/agora.xtec.cat\/escola-solivent\/?p=4729"},"modified":"2025-06-15T21:29:27","modified_gmt":"2025-06-15T19:29:27","slug":"festival-final-de-curs","status":"publish","type":"post","link":"https:\/\/agora.xtec.cat\/escola-solivent\/general\/festival-final-de-curs\/","title":{"rendered":"FESTIVAL FINAL DE CURS"},"content":{"rendered":"<p data-start=\"120\" data-end=\"368\">El divendres 13 de juny vam celebrar el festival de fi de curs \u00a0amb tots els nens i nenes des d\u2019I3 fins a 6\u00e8!<\/p>\n<p data-start=\"120\" data-end=\"368\">Va ser el\u00a0 moment de posar el punt final a un projecte sobre la m\u00fasica que hem estat treballant durant tot el curs a l\u2019escola&#8230; &#8220;Aquest curs apr\u00e8n&#8230;. al comp\u00e0s de la m\u00fasica!&#8221;<\/p>\n<p data-start=\"120\" data-end=\"368\">Aquest festival va comptar amb la participaci\u00f3 de tota la comunitat educativa: alumnes, mestres, fam\u00edlies, ajuntament, director dels serveis territorials de Girona, PAS, equip de neteja&#8230;<\/p>\n<p data-start=\"120\" data-end=\"368\">Tots junts vam compartir danses i balls que ens van unir a trav\u00e9s de la m\u00fasica.<\/p>\n<p data-start=\"120\" data-end=\"368\"><a href=\"https:\/\/drive.google.com\/file\/d\/15ESx7uFzBXizRieXjYzmoUcB5f0EhERn\/view?usp=sharing\">Clica aqu\u00ed per veure el v\u00eddeo.<\/a><\/p>\n<p><img loading=\"lazy\" decoding=\"async\" class=\"aligncenter size-medium wp-image-4735\" src=\"https:\/\/agora.xtec.cat\/escola-solivent\/wp-content\/uploads\/usu1558\/2025\/06\/Captura-de-pantalla-2025-06-15-a-les-12.49.52-a-mida-gran-300x102.png\" alt=\"\" width=\"300\" height=\"102\" srcset=\"https:\/\/agora.xtec.cat\/escola-solivent\/wp-content\/uploads\/usu1558\/2025\/06\/Captura-de-pantalla-2025-06-15-a-les-12.49.52-a-mida-gran-300x102.png 300w, https:\/\/agora.xtec.cat\/escola-solivent\/wp-content\/uploads\/usu1558\/2025\/06\/Captura-de-pantalla-2025-06-15-a-les-12.49.52-a-mida-gran-1024x347.png 1024w, https:\/\/agora.xtec.cat\/escola-solivent\/wp-content\/uploads\/usu1558\/2025\/06\/Captura-de-pantalla-2025-06-15-a-les-12.49.52-a-mida-gran-768x260.png 768w, https:\/\/agora.xtec.cat\/escola-solivent\/wp-content\/uploads\/usu1558\/2025\/06\/Captura-de-pantalla-2025-06-15-a-les-12.49.52-a-mida-gran.png 1280w\" sizes=\"auto, (max-width: 300px) 100vw, 300px\" \/><\/p>\n","protected":false},"excerpt":{"rendered":"<p>El divendres 13 de juny vam celebrar el festival de fi de curs \u00a0amb tots els nens i nenes des d\u2019I3 fins a 6\u00e8!<br \/>\nVa ser el\u00a0 moment de posar el punt final a un projecte sobre la m\u00fasica que hem estat treballant durant tot el&hellip;  <a href=\"https:\/\/agora.xtec.cat\/escola-solivent\/general\/festival-final-de-curs\/\" title=\"Read FESTIVAL FINAL DE CURS\">Llegeix m\u00e9s\u00bb<\/a><\/p>\n","protected":false},"author":1,"featured_media":4735,"comment_status":"open","ping_status":"open","sticky":false,"template":"","format":"standard","meta":{"_bbp_topic_count":0,"_bbp_reply_count":0,"_bbp_total_topic_count":0,"_bbp_total_reply_count":0,"_bbp_voice_count":0,"_bbp_anonymous_reply_count":0,"_bbp_topic_count_hidden":0,"_bbp_reply_count_hidden":0,"_bbp_forum_subforum_count":0,"footnotes":""},"categories":[10,11,12,13,14,15,7,1,2,3,8,9,4,5],"tags":[317,318],"class_list":["post-4729","post","type-post","status-publish","format-standard","has-post-thumbnail","hentry","category-1r","category-2n","category-3r","category-4t","category-5e","category-6e","category-afa","category-general","category-infantil","category-i3","category-i4","category-i5","category-portada","category-primaria","tag-festa-fi-de-curs","tag-festival"],"post_mailing_queue_ids":[],"_links":{"self":[{"href":"https:\/\/agora.xtec.cat\/escola-solivent\/wp-json\/wp\/v2\/posts\/4729","targetHints":{"allow":["GET"]}}],"collection":[{"href":"https:\/\/agora.xtec.cat\/escola-solivent\/wp-json\/wp\/v2\/posts"}],"about":[{"href":"https:\/\/agora.xtec.cat\/escola-solivent\/wp-json\/wp\/v2\/types\/post"}],"author":[{"embeddable":true,"href":"https:\/\/agora.xtec.cat\/escola-solivent\/wp-json\/wp\/v2\/users\/1"}],"replies":[{"embeddable":true,"href":"https:\/\/agora.xtec.cat\/escola-solivent\/wp-json\/wp\/v2\/comments?post=4729"}],"version-history":[{"count":2,"href":"https:\/\/agora.xtec.cat\/escola-solivent\/wp-json\/wp\/v2\/posts\/4729\/revisions"}],"predecessor-version":[{"id":4737,"href":"https:\/\/agora.xtec.cat\/escola-solivent\/wp-json\/wp\/v2\/posts\/4729\/revisions\/4737"}],"wp:featuredmedia":[{"embeddable":true,"href":"https:\/\/agora.xtec.cat\/escola-solivent\/wp-json\/wp\/v2\/media\/4735"}],"wp:attachment":[{"href":"https:\/\/agora.xtec.cat\/escola-solivent\/wp-json\/wp\/v2\/media?parent=4729"}],"wp:term":[{"taxonomy":"category","embeddable":true,"href":"https:\/\/agora.xtec.cat\/escola-solivent\/wp-json\/wp\/v2\/categories?post=4729"},{"taxonomy":"post_tag","embeddable":true,"href":"https:\/\/agora.xtec.cat\/escola-solivent\/wp-json\/wp\/v2\/tags?post=4729"}],"curies":[{"name":"wp","href":"https:\/\/api.w.org\/{rel}","templated":true}]}}