{"id":4663,"date":"2025-04-14T12:23:51","date_gmt":"2025-04-14T10:23:51","guid":{"rendered":"https:\/\/agora.xtec.cat\/escola-solivent\/?p=4663"},"modified":"2025-04-14T12:23:51","modified_gmt":"2025-04-14T10:23:51","slug":"diada-de-lesport-al-sol-i-vent","status":"publish","type":"post","link":"https:\/\/agora.xtec.cat\/escola-solivent\/general\/diada-de-lesport-al-sol-i-vent\/","title":{"rendered":"DIADA DE L&#8217;ESPORT AL SOL I VENT."},"content":{"rendered":"<p class=\"\" data-start=\"188\" data-end=\"348\">El passat divendres, l&#8217;alumnat de prim\u00e0ria va participar a la diada de l&#8217;esport. Una matinal plena de jocs, esports i aprenentatges.<\/p>\n<p class=\"\" data-start=\"188\" data-end=\"348\">Els nens i nenes es van organitzar en equips barrejats per edats, afavorint aix\u00ed la col\u00b7laboraci\u00f3 entre grans i petits.<\/p>\n<p class=\"\" data-start=\"702\" data-end=\"982\">Abans de comen\u00e7ar, cada equip va crear el seu propi nom, bandera i crit d\u2019\u00e0nims, donant un toc \u00fanic i creatiu a la jornada.<\/p>\n<p class=\"\" data-start=\"984\" data-end=\"1252\">En acabar, vam celebrar una entrega de premis molt esperada. Es va recon\u00e8ixer l\u2019actitud dels equips m\u00e9s esportius, els m\u00e9s divertits i tamb\u00e9 \u2014amb molt bon humor\u2014 aquells m\u00e9s queixiques i antiesportius, com a eina pedag\u00f2gica per reflexionar i cr\u00e9ixer junts.<\/p>\n<p data-start=\"984\" data-end=\"1252\">I no nom\u00e9s els alumnes van jugar. Els mestres tamb\u00e9 hi van participar activament. \u00a0La seva implicaci\u00f3 va fer encara m\u00e9s especial la diada i va refor\u00e7ar els vincles entre alumnat i docents.<\/p>\n<p class=\"\" data-start=\"1254\" data-end=\"1473\">\u00a0Cliqueu <a href=\"https:\/\/drive.google.com\/file\/d\/1SeFXKjpH6F_e_C5WNCob_qjj84v2i8xe\/view?usp=sharing\">aqu\u00ed per veure el v\u00eddeo.<\/a><\/p>\n","protected":false},"excerpt":{"rendered":"<p>El passat divendres, l&#8217;alumnat de prim\u00e0ria va participar a la diada de l&#8217;esport. Una matinal plena de jocs, esports i aprenentatges.<br \/>\nEls nens i nenes es van organitzar en equips barrejats per edats, afavorint aix\u00ed la col\u00b7laboraci\u00f3 entre grans i petits.<br \/>\nAbans de comen\u00e7ar, cada equip va&hellip;  <a href=\"https:\/\/agora.xtec.cat\/escola-solivent\/general\/diada-de-lesport-al-sol-i-vent\/\" title=\"Read DIADA DE L&#8217;ESPORT AL SOL I VENT.\">Llegeix m\u00e9s\u00bb<\/a><\/p>\n","protected":false},"author":1,"featured_media":4664,"comment_status":"open","ping_status":"closed","sticky":false,"template":"","format":"standard","meta":{"_bbp_topic_count":0,"_bbp_reply_count":0,"_bbp_total_topic_count":0,"_bbp_total_reply_count":0,"_bbp_voice_count":0,"_bbp_anonymous_reply_count":0,"_bbp_topic_count_hidden":0,"_bbp_reply_count_hidden":0,"_bbp_forum_subforum_count":0,"footnotes":""},"categories":[10,11,12,13,14,15,1,4,5],"tags":[313],"class_list":["post-4663","post","type-post","status-publish","format-standard","has-post-thumbnail","hentry","category-1r","category-2n","category-3r","category-4t","category-5e","category-6e","category-general","category-portada","category-primaria","tag-esport"],"post_mailing_queue_ids":[],"_links":{"self":[{"href":"https:\/\/agora.xtec.cat\/escola-solivent\/wp-json\/wp\/v2\/posts\/4663","targetHints":{"allow":["GET"]}}],"collection":[{"href":"https:\/\/agora.xtec.cat\/escola-solivent\/wp-json\/wp\/v2\/posts"}],"about":[{"href":"https:\/\/agora.xtec.cat\/escola-solivent\/wp-json\/wp\/v2\/types\/post"}],"author":[{"embeddable":true,"href":"https:\/\/agora.xtec.cat\/escola-solivent\/wp-json\/wp\/v2\/users\/1"}],"replies":[{"embeddable":true,"href":"https:\/\/agora.xtec.cat\/escola-solivent\/wp-json\/wp\/v2\/comments?post=4663"}],"version-history":[{"count":1,"href":"https:\/\/agora.xtec.cat\/escola-solivent\/wp-json\/wp\/v2\/posts\/4663\/revisions"}],"predecessor-version":[{"id":4665,"href":"https:\/\/agora.xtec.cat\/escola-solivent\/wp-json\/wp\/v2\/posts\/4663\/revisions\/4665"}],"wp:featuredmedia":[{"embeddable":true,"href":"https:\/\/agora.xtec.cat\/escola-solivent\/wp-json\/wp\/v2\/media\/4664"}],"wp:attachment":[{"href":"https:\/\/agora.xtec.cat\/escola-solivent\/wp-json\/wp\/v2\/media?parent=4663"}],"wp:term":[{"taxonomy":"category","embeddable":true,"href":"https:\/\/agora.xtec.cat\/escola-solivent\/wp-json\/wp\/v2\/categories?post=4663"},{"taxonomy":"post_tag","embeddable":true,"href":"https:\/\/agora.xtec.cat\/escola-solivent\/wp-json\/wp\/v2\/tags?post=4663"}],"curies":[{"name":"wp","href":"https:\/\/api.w.org\/{rel}","templated":true}]}}