{"id":4657,"date":"2025-04-02T20:17:32","date_gmt":"2025-04-02T18:17:32","guid":{"rendered":"https:\/\/agora.xtec.cat\/escola-solivent\/?p=4657"},"modified":"2025-04-02T20:24:02","modified_gmt":"2025-04-02T18:24:02","slug":"sortida-globus-aerostatic","status":"publish","type":"post","link":"https:\/\/agora.xtec.cat\/escola-solivent\/general\/sortida-globus-aerostatic\/","title":{"rendered":"SORTIDA GLOBUS AEROST\u00c0TIC."},"content":{"rendered":"<p><span style=\"font-weight: 400;\">Aquesta setmana els alumnes d\u2019educaci\u00f3 infantil hem tingut l&#8217;oportunitat d\u2019anar al camp de futbol de Vilafant a veure un globus aerost\u00e0tic; una activitat m\u00e9s del projecte que hem estat treballant dels transports.<\/span><\/p>\n<p><span style=\"font-weight: 400;\">All\u00e0, en Joan i en Jaume han desplegat la vela i hem observat com s\u2019inflava molt r\u00e0pid amb uns ventiladors especials. Hem pujat a la cistella del globus i per uns instants, ens hem imaginat que comen\u00e7\u00e0vem a enlairar-nos. El soroll dels cremadors ens ha impressionat molt.\u00a0<\/span><\/p>\n<p><span style=\"font-weight: 400;\">Ha estat una experi\u00e8ncia \u00fanica, diferent i genial. Ens ha encantat!<\/span><\/p>\n<p>Mireu el <a href=\"https:\/\/drive.google.com\/file\/d\/1jQDwGGLxuCdSVVkhIvFtBxlfptoBS3NF\/view?usp=sharing\">v\u00eddeo clicant aqu\u00ed!<\/a><a href=\"https:\/\/agora.xtec.cat\/escola-solivent\/wp-content\/uploads\/usu1558\/2025\/04\/Captura-de-pantalla-2025-04-02-a-les-20.11.54.png\"><br \/>\n<img loading=\"lazy\" decoding=\"async\" class=\"aligncenter size-medium wp-image-4658\" src=\"https:\/\/agora.xtec.cat\/escola-solivent\/wp-content\/uploads\/usu1558\/2025\/04\/Captura-de-pantalla-2025-04-02-a-les-20.11.54-300x179.png\" alt=\"\" width=\"300\" height=\"179\" srcset=\"https:\/\/agora.xtec.cat\/escola-solivent\/wp-content\/uploads\/usu1558\/2025\/04\/Captura-de-pantalla-2025-04-02-a-les-20.11.54-300x179.png 300w, https:\/\/agora.xtec.cat\/escola-solivent\/wp-content\/uploads\/usu1558\/2025\/04\/Captura-de-pantalla-2025-04-02-a-les-20.11.54.png 351w\" sizes=\"auto, (max-width: 300px) 100vw, 300px\" \/><\/a><\/p>\n","protected":false},"excerpt":{"rendered":"<p>Aquesta setmana els alumnes d\u2019educaci\u00f3 infantil hem tingut l&#8217;oportunitat d\u2019anar al camp de futbol de Vilafant a veure un globus aerost\u00e0tic; una activitat m\u00e9s del projecte que hem estat treballant dels transports.<br \/>\nAll\u00e0, en Joan i en Jaume han desplegat la vela i hem observat com&hellip;  <a href=\"https:\/\/agora.xtec.cat\/escola-solivent\/general\/sortida-globus-aerostatic\/\" title=\"Read SORTIDA GLOBUS AEROST\u00c0TIC.\">Llegeix m\u00e9s\u00bb<\/a><\/p>\n","protected":false},"author":1,"featured_media":4659,"comment_status":"open","ping_status":"closed","sticky":false,"template":"","format":"standard","meta":{"_bbp_topic_count":0,"_bbp_reply_count":0,"_bbp_total_topic_count":0,"_bbp_total_reply_count":0,"_bbp_voice_count":0,"_bbp_anonymous_reply_count":0,"_bbp_topic_count_hidden":0,"_bbp_reply_count_hidden":0,"_bbp_forum_subforum_count":0,"footnotes":""},"categories":[1,2,3,8,9,4],"tags":[87,153],"class_list":["post-4657","post","type-post","status-publish","format-standard","has-post-thumbnail","hentry","category-general","category-infantil","category-i3","category-i4","category-i5","category-portada","tag-entorn","tag-sortida"],"post_mailing_queue_ids":[],"_links":{"self":[{"href":"https:\/\/agora.xtec.cat\/escola-solivent\/wp-json\/wp\/v2\/posts\/4657","targetHints":{"allow":["GET"]}}],"collection":[{"href":"https:\/\/agora.xtec.cat\/escola-solivent\/wp-json\/wp\/v2\/posts"}],"about":[{"href":"https:\/\/agora.xtec.cat\/escola-solivent\/wp-json\/wp\/v2\/types\/post"}],"author":[{"embeddable":true,"href":"https:\/\/agora.xtec.cat\/escola-solivent\/wp-json\/wp\/v2\/users\/1"}],"replies":[{"embeddable":true,"href":"https:\/\/agora.xtec.cat\/escola-solivent\/wp-json\/wp\/v2\/comments?post=4657"}],"version-history":[{"count":2,"href":"https:\/\/agora.xtec.cat\/escola-solivent\/wp-json\/wp\/v2\/posts\/4657\/revisions"}],"predecessor-version":[{"id":4661,"href":"https:\/\/agora.xtec.cat\/escola-solivent\/wp-json\/wp\/v2\/posts\/4657\/revisions\/4661"}],"wp:featuredmedia":[{"embeddable":true,"href":"https:\/\/agora.xtec.cat\/escola-solivent\/wp-json\/wp\/v2\/media\/4659"}],"wp:attachment":[{"href":"https:\/\/agora.xtec.cat\/escola-solivent\/wp-json\/wp\/v2\/media?parent=4657"}],"wp:term":[{"taxonomy":"category","embeddable":true,"href":"https:\/\/agora.xtec.cat\/escola-solivent\/wp-json\/wp\/v2\/categories?post=4657"},{"taxonomy":"post_tag","embeddable":true,"href":"https:\/\/agora.xtec.cat\/escola-solivent\/wp-json\/wp\/v2\/tags?post=4657"}],"curies":[{"name":"wp","href":"https:\/\/api.w.org\/{rel}","templated":true}]}}