{"id":4618,"date":"2025-03-10T09:14:31","date_gmt":"2025-03-10T08:14:31","guid":{"rendered":"https:\/\/agora.xtec.cat\/escola-solivent\/?p=4618"},"modified":"2025-03-12T10:44:01","modified_gmt":"2025-03-12T09:44:01","slug":"preguntes-per-promoure-la-reflexio-a-cicle-superior","status":"publish","type":"post","link":"https:\/\/agora.xtec.cat\/escola-solivent\/general\/preguntes-per-promoure-la-reflexio-a-cicle-superior\/","title":{"rendered":"PREGUNTES PER PROMOURE LA REFLEXI\u00d3 A CICLE SUPERIOR."},"content":{"rendered":"<p>Al llarg d&#8217;aquest trimestre hem estat immersos en el nostre <strong data-start=\"185\" data-end=\"208\">projecte d\u2019hist\u00f2ria<\/strong>, explorant diferents per\u00edodes i esdeveniments que han marcat el nostre passat. Hem treballat en equip, investigat fonts hist\u00f2riques i presentat les nostres descobertes de manera creativa! \ud83c\udfdb\ufe0f\ud83d\udcd6<\/p>\n<p data-start=\"112\" data-end=\"414\">Cada setmana hem anat introduint una nova pregunta de reflexi\u00f3 per fomentar l\u2019autoconeixement i la consci\u00e8ncia del propi proc\u00e9s d\u2019aprenentatge. Aquesta pregunta la compartim primer en gran grup, on cada alumne\/a pot expressar les seves idees, experi\u00e8ncies i sentiments en un espai de di\u00e0leg obert i enriquidor. Un cop realitzada la posada en com\u00fa, deixem const\u00e0ncia de les reflexions en el nostre <strong data-start=\"502\" data-end=\"523\">plaf\u00f3 de reflexi\u00f3<\/strong>, una eina visual i col\u00b7laborativa que permet a tothom (tant alumnes com docents) veure i entendre el punt en qu\u00e8 es troba cada persona en el seu cam\u00ed d\u2019aprenentatge. Quan van entrar les fam\u00edlies, tamb\u00e9 van poder utilitzar aquest plaf\u00f3 i fer la seva aportaci\u00f3.<\/p>\n<p data-start=\"112\" data-end=\"414\">Aix\u00f2 no nom\u00e9s afavoreix l\u2019autoavaluaci\u00f3 i l\u2019autoregulaci\u00f3, sin\u00f3 que tamb\u00e9 fomenta un ambient d\u2019empatia i respecte per les diverses viv\u00e8ncies i ritmes d\u2019aprenentatge dins l\u2019aula.<\/p>\n<p data-start=\"871\" data-end=\"1190\">\ud83d\udca1 <strong data-start=\"874\" data-end=\"893\">Per qu\u00e8 ho fem?<\/strong><br data-start=\"893\" data-end=\"896\" \/>\u2705 Per ajudar els alumnes a prendre consci\u00e8ncia del seu proc\u00e9s d\u2019aprenentatge.<br data-start=\"973\" data-end=\"976\" \/>\u2705 Per promoure una cultura de la reflexi\u00f3 i la metacognici\u00f3.<br data-start=\"1036\" data-end=\"1039\" \/>\u2705 Per oferir un espai segur on compartir dubtes, inquietuds i \u00e8xits.<br data-start=\"1107\" data-end=\"1110\" \/>\u2705 Per fer visible el cam\u00ed d\u2019aprenentatge de cadasc\u00fa i celebrar-ne els aven\u00e7os.<\/p>\n<p data-start=\"1192\" data-end=\"1546\">\u2728 <strong data-start=\"1194\" data-end=\"1225\">I un detall molt important!<\/strong> \u2728 L\u2019equip docent tamb\u00e9 hi participa activament! Disposem d\u2019un espai al plaf\u00f3, al mateix nivell que els alumnes, on plasmem les nostres pr\u00f2pies reflexions. D\u2019aquesta manera, ens convertim en un model de pensament cr\u00edtic i aprenentatge continu, mostrant que l\u2019acte de reflexionar \u00e9s valu\u00f3s en qualsevol etapa de la vida.<\/p>\n<p data-start=\"1548\" data-end=\"1700\">Aquesta pr\u00e0ctica no nom\u00e9s enriqueix la din\u00e0mica de l\u2019aula, sin\u00f3 que tamb\u00e9 refor\u00e7a la idea que l\u2019aprenentatge \u00e9s un proc\u00e9s constant i compartit! \ud83d\udc96\ud83d\udcaa\ud83c\udffc<\/p>\n<p data-start=\"1548\" data-end=\"1700\"><a href=\"https:\/\/agora.xtec.cat\/escola-solivent\/wp-content\/uploads\/usu1558\/2025\/03\/avaluacio-1.jpg\"><img loading=\"lazy\" decoding=\"async\" class=\"aligncenter size-medium wp-image-4619\" src=\"https:\/\/agora.xtec.cat\/escola-solivent\/wp-content\/uploads\/usu1558\/2025\/03\/avaluacio-1-300x224.jpg\" alt=\"\" width=\"300\" height=\"224\" srcset=\"https:\/\/agora.xtec.cat\/escola-solivent\/wp-content\/uploads\/usu1558\/2025\/03\/avaluacio-1-300x224.jpg 300w, https:\/\/agora.xtec.cat\/escola-solivent\/wp-content\/uploads\/usu1558\/2025\/03\/avaluacio-1-200x150.jpg 200w, https:\/\/agora.xtec.cat\/escola-solivent\/wp-content\/uploads\/usu1558\/2025\/03\/avaluacio-1.jpg 689w\" sizes=\"auto, (max-width: 300px) 100vw, 300px\" \/><\/a><\/p>\n<p data-start=\"1548\" data-end=\"1700\"><a href=\"https:\/\/agora.xtec.cat\/escola-solivent\/wp-content\/uploads\/usu1558\/2025\/03\/avaluacio-2.jpg\"><img loading=\"lazy\" decoding=\"async\" class=\"aligncenter size-medium wp-image-4620\" src=\"https:\/\/agora.xtec.cat\/escola-solivent\/wp-content\/uploads\/usu1558\/2025\/03\/avaluacio-2-245x300.jpg\" alt=\"\" width=\"245\" height=\"300\" srcset=\"https:\/\/agora.xtec.cat\/escola-solivent\/wp-content\/uploads\/usu1558\/2025\/03\/avaluacio-2-245x300.jpg 245w, https:\/\/agora.xtec.cat\/escola-solivent\/wp-content\/uploads\/usu1558\/2025\/03\/avaluacio-2.jpg 663w\" sizes=\"auto, (max-width: 245px) 100vw, 245px\" \/><\/a><\/p>\n<p data-start=\"1548\" data-end=\"1700\"><a href=\"https:\/\/agora.xtec.cat\/escola-solivent\/wp-content\/uploads\/usu1558\/2025\/03\/avaluaci\u00b4\u00b4o-3.jpg\"><img loading=\"lazy\" decoding=\"async\" class=\"aligncenter size-medium wp-image-4621\" src=\"https:\/\/agora.xtec.cat\/escola-solivent\/wp-content\/uploads\/usu1558\/2025\/03\/avaluaci\u00b4\u00b4o-3-241x300.jpg\" alt=\"\" width=\"241\" height=\"300\" srcset=\"https:\/\/agora.xtec.cat\/escola-solivent\/wp-content\/uploads\/usu1558\/2025\/03\/avaluaci\u00b4\u00b4o-3-241x300.jpg 241w, https:\/\/agora.xtec.cat\/escola-solivent\/wp-content\/uploads\/usu1558\/2025\/03\/avaluaci\u00b4\u00b4o-3.jpg 698w\" sizes=\"auto, (max-width: 241px) 100vw, 241px\" \/><\/a><\/p>\n","protected":false},"excerpt":{"rendered":"<p>Al llarg d&#8217;aquest trimestre hem estat immersos en el nostre projecte d\u2019hist\u00f2ria, explorant diferents per\u00edodes i esdeveniments que han marcat el nostre passat. Hem treballat en equip, investigat fonts hist\u00f2riques i presentat les nostres descobertes de manera creativa! \ud83c\udfdb\ufe0f\ud83d\udcd6<br \/>\nCada setmana hem anat introduint una nova&hellip;  <a href=\"https:\/\/agora.xtec.cat\/escola-solivent\/general\/preguntes-per-promoure-la-reflexio-a-cicle-superior\/\" title=\"Read PREGUNTES PER PROMOURE LA REFLEXI\u00d3 A CICLE SUPERIOR.\">Llegeix m\u00e9s\u00bb<\/a><\/p>\n","protected":false},"author":1,"featured_media":4621,"comment_status":"open","ping_status":"closed","sticky":false,"template":"","format":"standard","meta":{"_bbp_topic_count":0,"_bbp_reply_count":0,"_bbp_total_topic_count":0,"_bbp_total_reply_count":0,"_bbp_voice_count":0,"_bbp_anonymous_reply_count":0,"_bbp_topic_count_hidden":0,"_bbp_reply_count_hidden":0,"_bbp_forum_subforum_count":0,"footnotes":""},"categories":[14,15,1,4,5],"tags":[203,309,308],"class_list":["post-4618","post","type-post","status-publish","format-standard","has-post-thumbnail","hentry","category-5e","category-6e","category-general","category-portada","category-primaria","tag-avaluacio","tag-metacognicio","tag-reflexio"],"post_mailing_queue_ids":[],"_links":{"self":[{"href":"https:\/\/agora.xtec.cat\/escola-solivent\/wp-json\/wp\/v2\/posts\/4618","targetHints":{"allow":["GET"]}}],"collection":[{"href":"https:\/\/agora.xtec.cat\/escola-solivent\/wp-json\/wp\/v2\/posts"}],"about":[{"href":"https:\/\/agora.xtec.cat\/escola-solivent\/wp-json\/wp\/v2\/types\/post"}],"author":[{"embeddable":true,"href":"https:\/\/agora.xtec.cat\/escola-solivent\/wp-json\/wp\/v2\/users\/1"}],"replies":[{"embeddable":true,"href":"https:\/\/agora.xtec.cat\/escola-solivent\/wp-json\/wp\/v2\/comments?post=4618"}],"version-history":[{"count":2,"href":"https:\/\/agora.xtec.cat\/escola-solivent\/wp-json\/wp\/v2\/posts\/4618\/revisions"}],"predecessor-version":[{"id":4630,"href":"https:\/\/agora.xtec.cat\/escola-solivent\/wp-json\/wp\/v2\/posts\/4618\/revisions\/4630"}],"wp:featuredmedia":[{"embeddable":true,"href":"https:\/\/agora.xtec.cat\/escola-solivent\/wp-json\/wp\/v2\/media\/4621"}],"wp:attachment":[{"href":"https:\/\/agora.xtec.cat\/escola-solivent\/wp-json\/wp\/v2\/media?parent=4618"}],"wp:term":[{"taxonomy":"category","embeddable":true,"href":"https:\/\/agora.xtec.cat\/escola-solivent\/wp-json\/wp\/v2\/categories?post=4618"},{"taxonomy":"post_tag","embeddable":true,"href":"https:\/\/agora.xtec.cat\/escola-solivent\/wp-json\/wp\/v2\/tags?post=4618"}],"curies":[{"name":"wp","href":"https:\/\/api.w.org\/{rel}","templated":true}]}}