{"id":4576,"date":"2025-02-08T14:56:51","date_gmt":"2025-02-08T13:56:51","guid":{"rendered":"https:\/\/agora.xtec.cat\/escola-solivent\/?p=4576"},"modified":"2025-02-08T14:56:51","modified_gmt":"2025-02-08T13:56:51","slug":"sortida-de-convivencia-amb-lescola-les-melies","status":"publish","type":"post","link":"https:\/\/agora.xtec.cat\/escola-solivent\/general\/sortida-de-convivencia-amb-lescola-les-melies\/","title":{"rendered":"SORTIDA DE CONVIV\u00c8NCIA AMB L&#8217;ESCOLA LES M\u00c8LIES."},"content":{"rendered":"<div dir=\"auto\">Aquest mat\u00ed l&#8217;alumnat de 6\u00e8 de les escoles Sol i Vent i M\u00e8lies de <span class=\"html-span xdj266r x11i5rnm xat24cr x1mh8g0r xexx8yu x4uap5 x18d9i69 xkhd6sd x1hl2dhg x16tdsg8 x1vvkbs\"><a class=\"x1i10hfl xjbqb8w x1ejq31n xd10rxx x1sy0etr x17r0tee x972fbf xcfux6l x1qhh985 xm0m39n x9f619 x1ypdohk xt0psk2 xe8uvvx xdj266r x11i5rnm xat24cr x1mh8g0r xexx8yu x4uap5 x18d9i69 xkhd6sd x16tdsg8 x1hl2dhg xggy1nq x1a2a7pz x1sur9pj xkrqix3 x1fey0fg x1s688f\" tabindex=\"0\" role=\"link\" href=\"https:\/\/www.facebook.com\/hashtag\/vilafant?__eep__=6&amp;__cft__[0]=AZVwm-gW8eT1cTtp3reyVdcjX9rgFVVZFvKKKfCWOMRO2pCB5gpm3b-7iO8RYThM4CbbTDdH6IiyZd6-aNV1yOeYnhXBB60BjVFCBthnKLos7Dyt3kt4i7hzEYRveJvNcLfSexnL-vP_FtHsbvCY23F5zlTHU07y-B3c50UiO5aRFt1VctNdDtppUk4J1YLogS0&amp;__tn__=*NK-R\">#Vilafant<\/a><\/span> han participat en la sortida d&#8217;entorn de Palol, que ha organitzat l&#8217;\u00e0rea d&#8217;educaci\u00f3 de l&#8217;Ajuntament. Una trobada que els ha perm\u00e8s descobrir el patrimoni de Palol amb l&#8217;historiador Antoni Cobos. Tamb\u00e9 han ballat amb les persones grans amb la coordinaci\u00f3 de la ballarina Lili l&#8217;enfant amb una activitat per conscienciar-los sobre l&#8217;edatisme, una proposta amb col\u00b7laboraci\u00f3 amb la Taula pels drets de les persones grans de l&#8217;Alt Empord\u00e0 <span class=\"html-span xdj266r x11i5rnm xat24cr x1mh8g0r xexx8yu x4uap5 x18d9i69 xkhd6sd x1hl2dhg x16tdsg8 x1vvkbs\"><a class=\"x1i10hfl xjbqb8w x1ejq31n xd10rxx x1sy0etr x17r0tee x972fbf xcfux6l x1qhh985 xm0m39n x9f619 x1ypdohk xt0psk2 xe8uvvx xdj266r x11i5rnm xat24cr x1mh8g0r xexx8yu x4uap5 x18d9i69 xkhd6sd x16tdsg8 x1hl2dhg xggy1nq x1a2a7pz x1sur9pj xkrqix3 x1fey0fg x1s688f\" tabindex=\"0\" role=\"link\" href=\"https:\/\/www.facebook.com\/ccaltemporda?__cft__[0]=AZVwm-gW8eT1cTtp3reyVdcjX9rgFVVZFvKKKfCWOMRO2pCB5gpm3b-7iO8RYThM4CbbTDdH6IiyZd6-aNV1yOeYnhXBB60BjVFCBthnKLos7Dyt3kt4i7hzEYRveJvNcLfSexnL-vP_FtHsbvCY23F5zlTHU07y-B3c50UiO5aRFt1VctNdDtppUk4J1YLogS0&amp;__tn__=-]K-R\"><span class=\"xt0psk2\"><span class=\"xjp7ctv\"><span aria-describedby=\":r19v:\">Consell Comarcal de l&#8217;Alt Empord\u00e0<\/span><\/span><\/span><\/a><\/span>.<\/div>\n<div dir=\"auto\">Una gran sortida plena d&#8217;aprenentatges.<\/div>\n<div dir=\"auto\"><\/div>\n<div dir=\"auto\">FONT: AJUNTAMENT DE VILAFANT<a href=\"https:\/\/agora.xtec.cat\/escola-solivent\/wp-content\/uploads\/usu1558\/2025\/02\/Captura-de-pantalla-2025-02-08-a-les-14.55.10.png\"><img loading=\"lazy\" decoding=\"async\" class=\"aligncenter size-medium wp-image-4577\" src=\"https:\/\/agora.xtec.cat\/escola-solivent\/wp-content\/uploads\/usu1558\/2025\/02\/Captura-de-pantalla-2025-02-08-a-les-14.55.10-300x199.png\" alt=\"\" width=\"300\" height=\"199\" srcset=\"https:\/\/agora.xtec.cat\/escola-solivent\/wp-content\/uploads\/usu1558\/2025\/02\/Captura-de-pantalla-2025-02-08-a-les-14.55.10-300x199.png 300w, https:\/\/agora.xtec.cat\/escola-solivent\/wp-content\/uploads\/usu1558\/2025\/02\/Captura-de-pantalla-2025-02-08-a-les-14.55.10-768x510.png 768w, https:\/\/agora.xtec.cat\/escola-solivent\/wp-content\/uploads\/usu1558\/2025\/02\/Captura-de-pantalla-2025-02-08-a-les-14.55.10.png 827w\" sizes=\"auto, (max-width: 300px) 100vw, 300px\" \/><\/a><\/div>\n","protected":false},"excerpt":{"rendered":"<p>Aquest mat\u00ed l&#8217;alumnat de 6\u00e8 de les escoles Sol i Vent i M\u00e8lies de <a class=\"x1i10hfl xjbqb8w x1ejq31n xd10rxx x1sy0etr x17r0tee x972fbf xcfux6l x1qhh985 xm0m39n x9f619 x1ypdohk xt0psk2 xe8uvvx xdj266r x11i5rnm xat24cr x1mh8g0r xexx8yu x4uap5 x18d9i69 xkhd6sd x16tdsg8 x1hl2dhg xggy1nq x1a2a7pz x1sur9pj xkrqix3 x1fey0fg x1s688f\"&hellip;  <a href=\"https:\/\/agora.xtec.cat\/escola-solivent\/general\/sortida-de-convivencia-amb-lescola-les-melies\/\" title=\"Read SORTIDA DE CONVIV\u00c8NCIA AMB L&#8217;ESCOLA LES M\u00c8LIES.\">Llegeix m\u00e9s\u00bb<\/a><\/p>\n","protected":false},"author":1,"featured_media":4578,"comment_status":"open","ping_status":"closed","sticky":false,"template":"","format":"standard","meta":{"_bbp_topic_count":0,"_bbp_reply_count":0,"_bbp_total_topic_count":0,"_bbp_total_reply_count":0,"_bbp_voice_count":0,"_bbp_anonymous_reply_count":0,"_bbp_topic_count_hidden":0,"_bbp_reply_count_hidden":0,"_bbp_forum_subforum_count":0,"footnotes":""},"categories":[15,1,4,5],"tags":[221,153],"class_list":["post-4576","post","type-post","status-publish","format-standard","has-post-thumbnail","hentry","category-6e","category-general","category-portada","category-primaria","tag-convivencia","tag-sortida"],"post_mailing_queue_ids":[],"_links":{"self":[{"href":"https:\/\/agora.xtec.cat\/escola-solivent\/wp-json\/wp\/v2\/posts\/4576","targetHints":{"allow":["GET"]}}],"collection":[{"href":"https:\/\/agora.xtec.cat\/escola-solivent\/wp-json\/wp\/v2\/posts"}],"about":[{"href":"https:\/\/agora.xtec.cat\/escola-solivent\/wp-json\/wp\/v2\/types\/post"}],"author":[{"embeddable":true,"href":"https:\/\/agora.xtec.cat\/escola-solivent\/wp-json\/wp\/v2\/users\/1"}],"replies":[{"embeddable":true,"href":"https:\/\/agora.xtec.cat\/escola-solivent\/wp-json\/wp\/v2\/comments?post=4576"}],"version-history":[{"count":1,"href":"https:\/\/agora.xtec.cat\/escola-solivent\/wp-json\/wp\/v2\/posts\/4576\/revisions"}],"predecessor-version":[{"id":4579,"href":"https:\/\/agora.xtec.cat\/escola-solivent\/wp-json\/wp\/v2\/posts\/4576\/revisions\/4579"}],"wp:featuredmedia":[{"embeddable":true,"href":"https:\/\/agora.xtec.cat\/escola-solivent\/wp-json\/wp\/v2\/media\/4578"}],"wp:attachment":[{"href":"https:\/\/agora.xtec.cat\/escola-solivent\/wp-json\/wp\/v2\/media?parent=4576"}],"wp:term":[{"taxonomy":"category","embeddable":true,"href":"https:\/\/agora.xtec.cat\/escola-solivent\/wp-json\/wp\/v2\/categories?post=4576"},{"taxonomy":"post_tag","embeddable":true,"href":"https:\/\/agora.xtec.cat\/escola-solivent\/wp-json\/wp\/v2\/tags?post=4576"}],"curies":[{"name":"wp","href":"https:\/\/api.w.org\/{rel}","templated":true}]}}