{"id":4502,"date":"2024-11-16T19:09:30","date_gmt":"2024-11-16T18:09:30","guid":{"rendered":"https:\/\/agora.xtec.cat\/escola-solivent\/?p=4502"},"modified":"2024-11-16T19:09:30","modified_gmt":"2024-11-16T18:09:30","slug":"la-inclusio-amb-mifas-a-cicle-superior","status":"publish","type":"post","link":"https:\/\/agora.xtec.cat\/escola-solivent\/general\/la-inclusio-amb-mifas-a-cicle-superior\/","title":{"rendered":"LA INCLUSI\u00d3 AMB MIFAS A CICLE SUPERIOR."},"content":{"rendered":"<p>Aquest 1r trimestre hem tingut la sort de comptar amb el <a href=\"https:\/\/www.mifas.cat\/ca\/\">Grup Mifas<\/a> que ens consciencien de la gran tasca d\u2019inclusi\u00f3 que duen a terme en la integraci\u00f3 de la discapacitat dins el m\u00f3n de l&#8217;educaci\u00f3 f\u00edsica.<\/p>\n<p>Dijous, a l&#8217;hora d&#8217;educaci\u00f3 f\u00edsica vam fer una sessi\u00f3 de sensibilitzaci\u00f3 d&#8217;esport adaptat.<\/p>\n<p>Vam jugar a b\u00e0squet amb cadira de rodes i vam practicar l&#8217;esport &#8220;<a href=\"https:\/\/www.paralimpicos.es\/deportes-paralimpicos\/goalball\">Goalball<\/a>&#8221; amb antifa\u00e7os i una pilota amb esquellerinc.<\/p>\n<p>Us deixem unes <a href=\"https:\/\/drive.google.com\/file\/d\/1qW4XjQ3df9Ck61smuzee1x7lAIqFXeIs\/view?usp=sharing\">imatges<\/a> de la sessi\u00f3.<\/p>\n<p>&nbsp;<\/p>\n<p><a href=\"https:\/\/agora.xtec.cat\/escola-solivent\/wp-content\/uploads\/usu1558\/2024\/11\/MIFAS.jpg\"><img loading=\"lazy\" decoding=\"async\" class=\"aligncenter size-medium wp-image-4503\" src=\"https:\/\/agora.xtec.cat\/escola-solivent\/wp-content\/uploads\/usu1558\/2024\/11\/MIFAS-300x166.jpg\" alt=\"\" width=\"300\" height=\"166\" srcset=\"https:\/\/agora.xtec.cat\/escola-solivent\/wp-content\/uploads\/usu1558\/2024\/11\/MIFAS-300x166.jpg 300w, https:\/\/agora.xtec.cat\/escola-solivent\/wp-content\/uploads\/usu1558\/2024\/11\/MIFAS-768x425.jpg 768w, https:\/\/agora.xtec.cat\/escola-solivent\/wp-content\/uploads\/usu1558\/2024\/11\/MIFAS.jpg 935w\" sizes=\"auto, (max-width: 300px) 100vw, 300px\" \/><\/a><\/p>\n","protected":false},"excerpt":{"rendered":"<p>Aquest 1r trimestre hem tingut la sort de comptar amb el <a href=\"https:\/\/www.mifas.cat\/ca\/\">Grup Mifas<\/a> que ens consciencien de la gran tasca d\u2019inclusi\u00f3 que duen a terme en la integraci\u00f3 de la discapacitat dins el m\u00f3n de l&#8217;educaci\u00f3 f\u00edsica.<br \/>\nDijous, a l&#8217;hora d&#8217;educaci\u00f3 f\u00edsica vam fer una&hellip;  <a href=\"https:\/\/agora.xtec.cat\/escola-solivent\/general\/la-inclusio-amb-mifas-a-cicle-superior\/\" title=\"Read LA INCLUSI\u00d3 AMB MIFAS A CICLE SUPERIOR.\">Llegeix m\u00e9s\u00bb<\/a><\/p>\n","protected":false},"author":1,"featured_media":4503,"comment_status":"open","ping_status":"closed","sticky":false,"template":"","format":"standard","meta":{"_bbp_topic_count":0,"_bbp_reply_count":0,"_bbp_total_topic_count":0,"_bbp_total_reply_count":0,"_bbp_voice_count":0,"_bbp_anonymous_reply_count":0,"_bbp_topic_count_hidden":0,"_bbp_reply_count_hidden":0,"_bbp_forum_subforum_count":0,"footnotes":""},"categories":[14,15,1,4,5],"tags":[64,295],"class_list":["post-4502","post","type-post","status-publish","format-standard","has-post-thumbnail","hentry","category-5e","category-6e","category-general","category-portada","category-primaria","tag-educacio-fisica","tag-inclusio"],"post_mailing_queue_ids":[],"_links":{"self":[{"href":"https:\/\/agora.xtec.cat\/escola-solivent\/wp-json\/wp\/v2\/posts\/4502","targetHints":{"allow":["GET"]}}],"collection":[{"href":"https:\/\/agora.xtec.cat\/escola-solivent\/wp-json\/wp\/v2\/posts"}],"about":[{"href":"https:\/\/agora.xtec.cat\/escola-solivent\/wp-json\/wp\/v2\/types\/post"}],"author":[{"embeddable":true,"href":"https:\/\/agora.xtec.cat\/escola-solivent\/wp-json\/wp\/v2\/users\/1"}],"replies":[{"embeddable":true,"href":"https:\/\/agora.xtec.cat\/escola-solivent\/wp-json\/wp\/v2\/comments?post=4502"}],"version-history":[{"count":1,"href":"https:\/\/agora.xtec.cat\/escola-solivent\/wp-json\/wp\/v2\/posts\/4502\/revisions"}],"predecessor-version":[{"id":4504,"href":"https:\/\/agora.xtec.cat\/escola-solivent\/wp-json\/wp\/v2\/posts\/4502\/revisions\/4504"}],"wp:featuredmedia":[{"embeddable":true,"href":"https:\/\/agora.xtec.cat\/escola-solivent\/wp-json\/wp\/v2\/media\/4503"}],"wp:attachment":[{"href":"https:\/\/agora.xtec.cat\/escola-solivent\/wp-json\/wp\/v2\/media?parent=4502"}],"wp:term":[{"taxonomy":"category","embeddable":true,"href":"https:\/\/agora.xtec.cat\/escola-solivent\/wp-json\/wp\/v2\/categories?post=4502"},{"taxonomy":"post_tag","embeddable":true,"href":"https:\/\/agora.xtec.cat\/escola-solivent\/wp-json\/wp\/v2\/tags?post=4502"}],"curies":[{"name":"wp","href":"https:\/\/api.w.org\/{rel}","templated":true}]}}