{"id":4465,"date":"2024-10-19T10:04:41","date_gmt":"2024-10-19T08:04:41","guid":{"rendered":"https:\/\/agora.xtec.cat\/escola-solivent\/?p=4465"},"modified":"2024-10-19T10:04:41","modified_gmt":"2024-10-19T08:04:41","slug":"participem-al-programa-dinnovacio-pacte","status":"publish","type":"post","link":"https:\/\/agora.xtec.cat\/escola-solivent\/general\/participem-al-programa-dinnovacio-pacte\/","title":{"rendered":"PARTICIPEM AL PROGRAMA D&#8217;INNOVACI\u00d3 PACTE."},"content":{"rendered":"<p>L&#8217;escola \u00e9s centre participant de la 2a edici\u00f3 del PACTE (Acceleraci\u00f3 de la transformaci\u00f3 educativa\/Eines per al canvi) del Departament d&#8217;Educaci\u00f3 i Formaci\u00f3 Professional mitjan\u00e7ant la Direcci\u00f3 General d\u2019Innovaci\u00f3, Digitalitzaci\u00f3, Curr\u00edculum i Lleng\u00fces.<\/p>\n<p>Els objectius d&#8217;aquest programa d&#8217;innovaci\u00f3 s\u00f3n:<\/p>\n<ul>\n<li>Incorporar com cultura de centre, procediments i estrat\u00e8gies reflexius que possibilitin la transici\u00f3 sistem\u00e0tica des dels models tradicionals d\u2019ensenyament-aprenentatge al model definit pel marc de refer\u00e8ncia de la transformaci\u00f3 educativa, i que condueix a reformular el perfil competencial dels docents i la seva capacitaci\u00f3 i formaci\u00f3.<\/li>\n<li>Actualitzar els projectes educatius dels centres per incloure m\u00faltiples metodologies de treball globalitzat, l\u2019avaluaci\u00f3 formativa i competencial, la redefinici\u00f3 del prop\u00f2sit institucional i de l\u2019organitzaci\u00f3 del centre, i la incorporaci\u00f3 de mesures universals d\u2019inclusi\u00f3 i equitat.<\/li>\n<li>Apoderar els centres educatius com a motor de canvi per aconseguir una ciutadania cr\u00edtica i solid\u00e0ria que vetlli per una conviv\u00e8ncia pac\u00edfica, responsable i conscient, capa\u00e7 d\u2019adaptar-se als reptes i a les aspiracions del segle XXI i de fomentar els valors i les compet\u00e8ncies adequades per aconseguir un creixement sostenible i inclusiu.<\/li>\n<\/ul>\n<p>\u00c9s un programa de 3 anys escolars i estem molt contentes de poder gaudir i aprendre a trav\u00e9s de la comunitat del PACTE.<\/p>\n<p><a href=\"https:\/\/agora.xtec.cat\/escola-solivent\/wp-content\/uploads\/usu1558\/2024\/10\/Captura-de-pantalla-2024-10-19-a-les-10.03.40.png\"><img loading=\"lazy\" decoding=\"async\" class=\"aligncenter size-medium wp-image-4467\" src=\"https:\/\/agora.xtec.cat\/escola-solivent\/wp-content\/uploads\/usu1558\/2024\/10\/Captura-de-pantalla-2024-10-19-a-les-10.03.40-300x185.png\" alt=\"\" width=\"300\" height=\"185\" srcset=\"https:\/\/agora.xtec.cat\/escola-solivent\/wp-content\/uploads\/usu1558\/2024\/10\/Captura-de-pantalla-2024-10-19-a-les-10.03.40-300x185.png 300w, https:\/\/agora.xtec.cat\/escola-solivent\/wp-content\/uploads\/usu1558\/2024\/10\/Captura-de-pantalla-2024-10-19-a-les-10.03.40-1024x631.png 1024w, https:\/\/agora.xtec.cat\/escola-solivent\/wp-content\/uploads\/usu1558\/2024\/10\/Captura-de-pantalla-2024-10-19-a-les-10.03.40-768x474.png 768w, https:\/\/agora.xtec.cat\/escola-solivent\/wp-content\/uploads\/usu1558\/2024\/10\/Captura-de-pantalla-2024-10-19-a-les-10.03.40.png 1440w\" sizes=\"auto, (max-width: 300px) 100vw, 300px\" \/><\/a><\/p>\n<p>&nbsp;<\/p>\n<p>&nbsp;<\/p>\n<p>&nbsp;<\/p>\n","protected":false},"excerpt":{"rendered":"<p>L&#8217;escola \u00e9s centre participant de la 2a edici\u00f3 del PACTE (Acceleraci\u00f3 de la transformaci\u00f3 educativa\/Eines per al canvi) del Departament d&#8217;Educaci\u00f3 i Formaci\u00f3 Professional mitjan\u00e7ant la Direcci\u00f3 General d\u2019Innovaci\u00f3, Digitalitzaci\u00f3, Curr\u00edculum i Lleng\u00fces.<br \/>\nEls objectius d&#8217;aquest programa d&#8217;innovaci\u00f3 s\u00f3n:<\/p>\n<ul>\n<li>Incorporar com cultura de centre, procediments i estrat\u00e8gies&hellip;  <a href=\"https:\/\/agora.xtec.cat\/escola-solivent\/general\/participem-al-programa-dinnovacio-pacte\/\" title=\"Read PARTICIPEM AL PROGRAMA D&#8217;INNOVACI\u00d3 PACTE.\">Llegeix m\u00e9s\u00bb<\/a><br \/>\n","protected":false},"author":1,"featured_media":4466,"comment_status":"open","ping_status":"closed","sticky":false,"template":"","format":"standard","meta":{"_bbp_topic_count":0,"_bbp_reply_count":0,"_bbp_total_topic_count":0,"_bbp_total_reply_count":0,"_bbp_voice_count":0,"_bbp_anonymous_reply_count":0,"_bbp_topic_count_hidden":0,"_bbp_reply_count_hidden":0,"_bbp_forum_subforum_count":0,"footnotes":""},"categories":[1,4,5],"tags":[290,291],"class_list":["post-4465","post","type-post","status-publish","format-standard","has-post-thumbnail","hentry","category-general","category-portada","category-primaria","tag-projecte-innovacio","tag-xarxa"],"post_mailing_queue_ids":[],"_links":{"self":[{"href":"https:\/\/agora.xtec.cat\/escola-solivent\/wp-json\/wp\/v2\/posts\/4465","targetHints":{"allow":["GET"]}}],"collection":[{"href":"https:\/\/agora.xtec.cat\/escola-solivent\/wp-json\/wp\/v2\/posts"}],"about":[{"href":"https:\/\/agora.xtec.cat\/escola-solivent\/wp-json\/wp\/v2\/types\/post"}],"author":[{"embeddable":true,"href":"https:\/\/agora.xtec.cat\/escola-solivent\/wp-json\/wp\/v2\/users\/1"}],"replies":[{"embeddable":true,"href":"https:\/\/agora.xtec.cat\/escola-solivent\/wp-json\/wp\/v2\/comments?post=4465"}],"version-history":[{"count":1,"href":"https:\/\/agora.xtec.cat\/escola-solivent\/wp-json\/wp\/v2\/posts\/4465\/revisions"}],"predecessor-version":[{"id":4468,"href":"https:\/\/agora.xtec.cat\/escola-solivent\/wp-json\/wp\/v2\/posts\/4465\/revisions\/4468"}],"wp:featuredmedia":[{"embeddable":true,"href":"https:\/\/agora.xtec.cat\/escola-solivent\/wp-json\/wp\/v2\/media\/4466"}],"wp:attachment":[{"href":"https:\/\/agora.xtec.cat\/escola-solivent\/wp-json\/wp\/v2\/media?parent=4465"}],"wp:term":[{"taxonomy":"category","embeddable":true,"href":"https:\/\/agora.xtec.cat\/escola-solivent\/wp-json\/wp\/v2\/categories?post=4465"},{"taxonomy":"post_tag","embeddable":true,"href":"https:\/\/agora.xtec.cat\/escola-solivent\/wp-json\/wp\/v2\/tags?post=4465"}],"curies":[{"name":"wp","href":"https:\/\/api.w.org\/{rel}","templated":true}]}}