{"id":4449,"date":"2024-09-29T18:15:20","date_gmt":"2024-09-29T16:15:20","guid":{"rendered":"https:\/\/agora.xtec.cat\/escola-solivent\/?p=4449"},"modified":"2024-09-29T18:26:08","modified_gmt":"2024-09-29T16:26:08","slug":"benvinguda-a-tota-la-comunitat-educativa-2","status":"publish","type":"post","link":"https:\/\/agora.xtec.cat\/escola-solivent\/general\/benvinguda-a-tota-la-comunitat-educativa-2\/","title":{"rendered":"BENVINGUDA A TOTA LA COMUNITAT EDUCATIVA."},"content":{"rendered":"<p>Ja tenim el lema del curs 24-25. Un curs amb molta m\u00fasica i molt de ritme!<\/p>\n<p>Gr\u00e0cies a tota la comunitat educativa per la seva aportaci\u00f3!<\/p>\n<p style=\"text-align: center;\"><em><strong>Aquest curs apr\u00e8n&#8230; al comp\u00e0s de la m\u00fasica!<\/strong><\/em><\/p>\n<p><a href=\"https:\/\/agora.xtec.cat\/escola-solivent\/wp-content\/uploads\/usu1558\/2024\/09\/FESTA-COMUNITAT-BLOG.png\"><img loading=\"lazy\" decoding=\"async\" class=\"aligncenter size-medium wp-image-4450\" src=\"https:\/\/agora.xtec.cat\/escola-solivent\/wp-content\/uploads\/usu1558\/2024\/09\/FESTA-COMUNITAT-BLOG-300x176.png\" alt=\"\" width=\"300\" height=\"176\" srcset=\"https:\/\/agora.xtec.cat\/escola-solivent\/wp-content\/uploads\/usu1558\/2024\/09\/FESTA-COMUNITAT-BLOG-300x176.png 300w, https:\/\/agora.xtec.cat\/escola-solivent\/wp-content\/uploads\/usu1558\/2024\/09\/FESTA-COMUNITAT-BLOG-1024x600.png 1024w, https:\/\/agora.xtec.cat\/escola-solivent\/wp-content\/uploads\/usu1558\/2024\/09\/FESTA-COMUNITAT-BLOG-768x450.png 768w, https:\/\/agora.xtec.cat\/escola-solivent\/wp-content\/uploads\/usu1558\/2024\/09\/FESTA-COMUNITAT-BLOG-1536x901.png 1536w, https:\/\/agora.xtec.cat\/escola-solivent\/wp-content\/uploads\/usu1558\/2024\/09\/FESTA-COMUNITAT-BLOG.png 1900w\" sizes=\"auto, (max-width: 300px) 100vw, 300px\" \/><\/a><\/p>\n","protected":false},"excerpt":{"rendered":"<p>Ja tenim el lema del curs 24-25. Un curs amb molta m\u00fasica i molt de ritme!<br \/>\nGr\u00e0cies a tota la comunitat educativa per la seva aportaci\u00f3!<br \/>\nAquest curs apr\u00e8n&#8230; al comp\u00e0s de la m\u00fasica!<br \/>\n<a href=\"https:\/\/agora.xtec.cat\/escola-solivent\/wp-content\/uploads\/usu1558\/2024\/09\/FESTA-COMUNITAT-BLOG.png\"><\/a><\/p>\n","protected":false},"author":1,"featured_media":4450,"comment_status":"open","ping_status":"closed","sticky":false,"template":"","format":"standard","meta":{"_bbp_topic_count":0,"_bbp_reply_count":0,"_bbp_total_topic_count":0,"_bbp_total_reply_count":0,"_bbp_voice_count":0,"_bbp_anonymous_reply_count":0,"_bbp_topic_count_hidden":0,"_bbp_reply_count_hidden":0,"_bbp_forum_subforum_count":0,"footnotes":""},"categories":[1,2,4,5],"tags":[289,199,100],"class_list":["post-4449","post","type-post","status-publish","format-standard","has-post-thumbnail","hentry","category-general","category-infantil","category-portada","category-primaria","tag-benvinguda","tag-comunitat-educativa","tag-inici-de-curs"],"post_mailing_queue_ids":[],"_links":{"self":[{"href":"https:\/\/agora.xtec.cat\/escola-solivent\/wp-json\/wp\/v2\/posts\/4449","targetHints":{"allow":["GET"]}}],"collection":[{"href":"https:\/\/agora.xtec.cat\/escola-solivent\/wp-json\/wp\/v2\/posts"}],"about":[{"href":"https:\/\/agora.xtec.cat\/escola-solivent\/wp-json\/wp\/v2\/types\/post"}],"author":[{"embeddable":true,"href":"https:\/\/agora.xtec.cat\/escola-solivent\/wp-json\/wp\/v2\/users\/1"}],"replies":[{"embeddable":true,"href":"https:\/\/agora.xtec.cat\/escola-solivent\/wp-json\/wp\/v2\/comments?post=4449"}],"version-history":[{"count":2,"href":"https:\/\/agora.xtec.cat\/escola-solivent\/wp-json\/wp\/v2\/posts\/4449\/revisions"}],"predecessor-version":[{"id":4452,"href":"https:\/\/agora.xtec.cat\/escola-solivent\/wp-json\/wp\/v2\/posts\/4449\/revisions\/4452"}],"wp:featuredmedia":[{"embeddable":true,"href":"https:\/\/agora.xtec.cat\/escola-solivent\/wp-json\/wp\/v2\/media\/4450"}],"wp:attachment":[{"href":"https:\/\/agora.xtec.cat\/escola-solivent\/wp-json\/wp\/v2\/media?parent=4449"}],"wp:term":[{"taxonomy":"category","embeddable":true,"href":"https:\/\/agora.xtec.cat\/escola-solivent\/wp-json\/wp\/v2\/categories?post=4449"},{"taxonomy":"post_tag","embeddable":true,"href":"https:\/\/agora.xtec.cat\/escola-solivent\/wp-json\/wp\/v2\/tags?post=4449"}],"curies":[{"name":"wp","href":"https:\/\/api.w.org\/{rel}","templated":true}]}}