{"id":4436,"date":"2024-09-18T10:04:27","date_gmt":"2024-09-18T08:04:27","guid":{"rendered":"https:\/\/agora.xtec.cat\/escola-solivent\/?p=4436"},"modified":"2024-09-22T11:41:21","modified_gmt":"2024-09-22T09:41:21","slug":"unes-colonies-de-convivencia-genials","status":"publish","type":"post","link":"https:\/\/agora.xtec.cat\/escola-solivent\/portada\/unes-colonies-de-convivencia-genials\/","title":{"rendered":"UNES COL\u00d2NIES DE CONVIV\u00c8NCIA GENIALS!"},"content":{"rendered":"<p>El passat dijous 12 i divendres 13 de setembre es van realitzar les col\u00f2nies de conviv\u00e8ncia dels alumnes d&#8217;infantil 4 fins a 6\u00e8.<\/p>\n<p>Unes \u00a0col\u00f2nies que ens van servir per teixir nous vincles i coneixe\u2019ns una mica m\u00e9s. La valoraci\u00f3 va ser molt positiva i ens ho vam passar molt b\u00e9.<\/p>\n<p style=\"text-align: center;\"><a href=\"https:\/\/youtu.be\/5_Wq_2PRLzY\">Enlla\u00e7 del v\u00eddeo de les col\u00f2nies 24-25<\/a><\/p>\n<p>&nbsp;<\/p>\n<h4 style=\"text-align: center;\"><strong>FELICITEM A TOTS ELS NENS I NENES PER LA SEVA GRAN ACTITUD!!<\/strong><\/h4>\n","protected":false},"excerpt":{"rendered":"<p>El passat dijous 12 i divendres 13 de setembre es van realitzar les col\u00f2nies de conviv\u00e8ncia dels alumnes d&#8217;infantil 4 fins a 6\u00e8.<br \/>\nUnes \u00a0col\u00f2nies que ens van servir per teixir nous vincles i coneixe\u2019ns una mica m\u00e9s. La valoraci\u00f3 va ser molt positiva i ens&hellip;  <a href=\"https:\/\/agora.xtec.cat\/escola-solivent\/portada\/unes-colonies-de-convivencia-genials\/\" title=\"Read UNES COL\u00d2NIES DE CONVIV\u00c8NCIA GENIALS!\">Llegeix m\u00e9s\u00bb<\/a><\/p>\n","protected":false},"author":1,"featured_media":4437,"comment_status":"open","ping_status":"closed","sticky":false,"template":"","format":"standard","meta":{"_bbp_topic_count":0,"_bbp_reply_count":0,"_bbp_total_topic_count":0,"_bbp_total_reply_count":0,"_bbp_voice_count":0,"_bbp_anonymous_reply_count":0,"_bbp_topic_count_hidden":0,"_bbp_reply_count_hidden":0,"_bbp_forum_subforum_count":0,"footnotes":""},"categories":[10,11,12,13,14,15,8,9,4,5],"tags":[86,221,100],"class_list":["post-4436","post","type-post","status-publish","format-standard","has-post-thumbnail","hentry","category-1r","category-2n","category-3r","category-4t","category-5e","category-6e","category-i4","category-i5","category-portada","category-primaria","tag-colonies","tag-convivencia","tag-inici-de-curs"],"post_mailing_queue_ids":[],"_links":{"self":[{"href":"https:\/\/agora.xtec.cat\/escola-solivent\/wp-json\/wp\/v2\/posts\/4436","targetHints":{"allow":["GET"]}}],"collection":[{"href":"https:\/\/agora.xtec.cat\/escola-solivent\/wp-json\/wp\/v2\/posts"}],"about":[{"href":"https:\/\/agora.xtec.cat\/escola-solivent\/wp-json\/wp\/v2\/types\/post"}],"author":[{"embeddable":true,"href":"https:\/\/agora.xtec.cat\/escola-solivent\/wp-json\/wp\/v2\/users\/1"}],"replies":[{"embeddable":true,"href":"https:\/\/agora.xtec.cat\/escola-solivent\/wp-json\/wp\/v2\/comments?post=4436"}],"version-history":[{"count":1,"href":"https:\/\/agora.xtec.cat\/escola-solivent\/wp-json\/wp\/v2\/posts\/4436\/revisions"}],"predecessor-version":[{"id":4438,"href":"https:\/\/agora.xtec.cat\/escola-solivent\/wp-json\/wp\/v2\/posts\/4436\/revisions\/4438"}],"wp:featuredmedia":[{"embeddable":true,"href":"https:\/\/agora.xtec.cat\/escola-solivent\/wp-json\/wp\/v2\/media\/4437"}],"wp:attachment":[{"href":"https:\/\/agora.xtec.cat\/escola-solivent\/wp-json\/wp\/v2\/media?parent=4436"}],"wp:term":[{"taxonomy":"category","embeddable":true,"href":"https:\/\/agora.xtec.cat\/escola-solivent\/wp-json\/wp\/v2\/categories?post=4436"},{"taxonomy":"post_tag","embeddable":true,"href":"https:\/\/agora.xtec.cat\/escola-solivent\/wp-json\/wp\/v2\/tags?post=4436"}],"curies":[{"name":"wp","href":"https:\/\/api.w.org\/{rel}","templated":true}]}}