{"id":4378,"date":"2024-06-19T11:47:06","date_gmt":"2024-06-19T09:47:06","guid":{"rendered":"https:\/\/agora.xtec.cat\/escola-solivent\/?p=4378"},"modified":"2024-06-19T11:47:40","modified_gmt":"2024-06-19T09:47:40","slug":"sortida-a-lentorn","status":"publish","type":"post","link":"https:\/\/agora.xtec.cat\/escola-solivent\/portada\/sortida-a-lentorn\/","title":{"rendered":"SORTIDA A L&#8217;ENTORN."},"content":{"rendered":"<p>L&#8217;alumnat de cicle superior el passat dimarts 18 de juny va realitzar la sortida en bicicleta al voltant del poble.<\/p>\n<p>Una sortida l\u00fadica, per\u00f2 important per con\u00e8ixer aquest mitj\u00e0 de transport que tamb\u00e9 ens pot ser \u00fatil.<\/p>\n<p>Felicitats als 21 nens i nenes que van ser ciclistes per un dia!<\/p>\n<p><a href=\"https:\/\/agora.xtec.cat\/escola-solivent\/wp-content\/uploads\/usu1558\/2024\/06\/bici-1.jpeg\"><img loading=\"lazy\" decoding=\"async\" class=\"aligncenter size-medium wp-image-4379\" src=\"https:\/\/agora.xtec.cat\/escola-solivent\/wp-content\/uploads\/usu1558\/2024\/06\/bici-1-300x225.jpeg\" alt=\"\" width=\"300\" height=\"225\" srcset=\"https:\/\/agora.xtec.cat\/escola-solivent\/wp-content\/uploads\/usu1558\/2024\/06\/bici-1-300x225.jpeg 300w, https:\/\/agora.xtec.cat\/escola-solivent\/wp-content\/uploads\/usu1558\/2024\/06\/bici-1-1024x768.jpeg 1024w, https:\/\/agora.xtec.cat\/escola-solivent\/wp-content\/uploads\/usu1558\/2024\/06\/bici-1-768x576.jpeg 768w, https:\/\/agora.xtec.cat\/escola-solivent\/wp-content\/uploads\/usu1558\/2024\/06\/bici-1-1536x1152.jpeg 1536w, https:\/\/agora.xtec.cat\/escola-solivent\/wp-content\/uploads\/usu1558\/2024\/06\/bici-1-200x150.jpeg 200w, https:\/\/agora.xtec.cat\/escola-solivent\/wp-content\/uploads\/usu1558\/2024\/06\/bici-1.jpeg 2000w\" sizes=\"auto, (max-width: 300px) 100vw, 300px\" \/><\/a> <a href=\"https:\/\/agora.xtec.cat\/escola-solivent\/wp-content\/uploads\/usu1558\/2024\/06\/bici-2.jpeg\"><img loading=\"lazy\" decoding=\"async\" class=\"aligncenter size-medium wp-image-4380\" src=\"https:\/\/agora.xtec.cat\/escola-solivent\/wp-content\/uploads\/usu1558\/2024\/06\/bici-2-225x300.jpeg\" alt=\"\" width=\"225\" height=\"300\" srcset=\"https:\/\/agora.xtec.cat\/escola-solivent\/wp-content\/uploads\/usu1558\/2024\/06\/bici-2-225x300.jpeg 225w, https:\/\/agora.xtec.cat\/escola-solivent\/wp-content\/uploads\/usu1558\/2024\/06\/bici-2-768x1024.jpeg 768w, https:\/\/agora.xtec.cat\/escola-solivent\/wp-content\/uploads\/usu1558\/2024\/06\/bici-2-1152x1536.jpeg 1152w, https:\/\/agora.xtec.cat\/escola-solivent\/wp-content\/uploads\/usu1558\/2024\/06\/bici-2.jpeg 1500w\" sizes=\"auto, (max-width: 225px) 100vw, 225px\" \/><\/a><\/p>\n<p>&nbsp;<\/p>\n","protected":false},"excerpt":{"rendered":"<p>L&#8217;alumnat de cicle superior el passat dimarts 18 de juny va realitzar la sortida en bicicleta al voltant del poble.<br \/>\nUna sortida l\u00fadica, per\u00f2 important per con\u00e8ixer aquest mitj\u00e0 de transport que tamb\u00e9 ens pot ser \u00fatil.<br \/>\nFelicitats als 21 nens i nenes que van ser ciclistes&hellip;  <a href=\"https:\/\/agora.xtec.cat\/escola-solivent\/portada\/sortida-a-lentorn\/\" title=\"Read SORTIDA A L&#8217;ENTORN.\">Llegeix m\u00e9s\u00bb<\/a><\/p>\n","protected":false},"author":1,"featured_media":4380,"comment_status":"open","ping_status":"closed","sticky":false,"template":"","format":"standard","meta":{"_bbp_topic_count":0,"_bbp_reply_count":0,"_bbp_total_topic_count":0,"_bbp_total_reply_count":0,"_bbp_voice_count":0,"_bbp_anonymous_reply_count":0,"_bbp_topic_count_hidden":0,"_bbp_reply_count_hidden":0,"_bbp_forum_subforum_count":0,"footnotes":""},"categories":[14,15,4,5],"tags":[241,64,87,283],"class_list":["post-4378","post","type-post","status-publish","format-standard","has-post-thumbnail","hentry","category-5e","category-6e","category-portada","category-primaria","tag-bicicletada","tag-educacio-fisica","tag-entorn","tag-soritda"],"post_mailing_queue_ids":[],"_links":{"self":[{"href":"https:\/\/agora.xtec.cat\/escola-solivent\/wp-json\/wp\/v2\/posts\/4378","targetHints":{"allow":["GET"]}}],"collection":[{"href":"https:\/\/agora.xtec.cat\/escola-solivent\/wp-json\/wp\/v2\/posts"}],"about":[{"href":"https:\/\/agora.xtec.cat\/escola-solivent\/wp-json\/wp\/v2\/types\/post"}],"author":[{"embeddable":true,"href":"https:\/\/agora.xtec.cat\/escola-solivent\/wp-json\/wp\/v2\/users\/1"}],"replies":[{"embeddable":true,"href":"https:\/\/agora.xtec.cat\/escola-solivent\/wp-json\/wp\/v2\/comments?post=4378"}],"version-history":[{"count":2,"href":"https:\/\/agora.xtec.cat\/escola-solivent\/wp-json\/wp\/v2\/posts\/4378\/revisions"}],"predecessor-version":[{"id":4382,"href":"https:\/\/agora.xtec.cat\/escola-solivent\/wp-json\/wp\/v2\/posts\/4378\/revisions\/4382"}],"wp:featuredmedia":[{"embeddable":true,"href":"https:\/\/agora.xtec.cat\/escola-solivent\/wp-json\/wp\/v2\/media\/4380"}],"wp:attachment":[{"href":"https:\/\/agora.xtec.cat\/escola-solivent\/wp-json\/wp\/v2\/media?parent=4378"}],"wp:term":[{"taxonomy":"category","embeddable":true,"href":"https:\/\/agora.xtec.cat\/escola-solivent\/wp-json\/wp\/v2\/categories?post=4378"},{"taxonomy":"post_tag","embeddable":true,"href":"https:\/\/agora.xtec.cat\/escola-solivent\/wp-json\/wp\/v2\/tags?post=4378"}],"curies":[{"name":"wp","href":"https:\/\/api.w.org\/{rel}","templated":true}]}}