{"id":4370,"date":"2024-06-11T18:29:19","date_gmt":"2024-06-11T16:29:19","guid":{"rendered":"https:\/\/agora.xtec.cat\/escola-solivent\/?p=4370"},"modified":"2024-06-11T18:29:19","modified_gmt":"2024-06-11T16:29:19","slug":"com-formalitzar-la-matricula-al-sol-i-vent","status":"publish","type":"post","link":"https:\/\/agora.xtec.cat\/escola-solivent\/general\/com-formalitzar-la-matricula-al-sol-i-vent\/","title":{"rendered":"COM FORMALITZAR LA MATR\u00cdCULA AL SOL I VENT?"},"content":{"rendered":"<p>El per\u00edode de matriculaci\u00f3 \u00e9s del 18 al 26 de juny. Per tal de formalitzar la matr\u00edcula del vostre fill\/a cal que truqueu a l&#8217;escola (972546311) de 8h a 14h per demanar cita pr\u00e8via.<\/p>\n<p>La documentaci\u00f3 necess\u00e0ria \u00e9s la seg\u00fcent:<\/p>\n<ul>\n<li>fotoc\u00f2pia del carnet de vacunes.<\/li>\n<li>dues fotos mida carnet.<\/li>\n<li>fotoc\u00f2pia targeta sanit\u00e0ria (TIS).<\/li>\n<\/ul>\n<p>&nbsp;<\/p>\n","protected":false},"excerpt":{"rendered":"<p>El per\u00edode de matriculaci\u00f3 \u00e9s del 18 al 26 de juny. Per tal de formalitzar la matr\u00edcula del vostre fill\/a cal que truqueu a l&#8217;escola (972546311) de 8h a 14h per demanar cita pr\u00e8via.<br \/>\nLa documentaci\u00f3 necess\u00e0ria \u00e9s la seg\u00fcent:<\/p>\n<ul>\n<li>fotoc\u00f2pia del carnet de vacunes.<\/li>\n<li>dues fotos mida&hellip;  <a href=\"https:\/\/agora.xtec.cat\/escola-solivent\/general\/com-formalitzar-la-matricula-al-sol-i-vent\/\" title=\"Read COM FORMALITZAR LA MATR\u00cdCULA AL SOL I VENT?\">Llegeix m\u00e9s\u00bb<\/a><br \/>\n","protected":false},"author":1,"featured_media":4236,"comment_status":"open","ping_status":"closed","sticky":false,"template":"","format":"standard","meta":{"_bbp_topic_count":0,"_bbp_reply_count":0,"_bbp_total_topic_count":0,"_bbp_total_reply_count":0,"_bbp_voice_count":0,"_bbp_anonymous_reply_count":0,"_bbp_topic_count_hidden":0,"_bbp_reply_count_hidden":0,"_bbp_forum_subforum_count":0,"footnotes":""},"categories":[1,4],"tags":[187],"class_list":["post-4370","post","type-post","status-publish","format-standard","has-post-thumbnail","hentry","category-general","category-portada","tag-matriculacio"],"post_mailing_queue_ids":[],"_links":{"self":[{"href":"https:\/\/agora.xtec.cat\/escola-solivent\/wp-json\/wp\/v2\/posts\/4370","targetHints":{"allow":["GET"]}}],"collection":[{"href":"https:\/\/agora.xtec.cat\/escola-solivent\/wp-json\/wp\/v2\/posts"}],"about":[{"href":"https:\/\/agora.xtec.cat\/escola-solivent\/wp-json\/wp\/v2\/types\/post"}],"author":[{"embeddable":true,"href":"https:\/\/agora.xtec.cat\/escola-solivent\/wp-json\/wp\/v2\/users\/1"}],"replies":[{"embeddable":true,"href":"https:\/\/agora.xtec.cat\/escola-solivent\/wp-json\/wp\/v2\/comments?post=4370"}],"version-history":[{"count":1,"href":"https:\/\/agora.xtec.cat\/escola-solivent\/wp-json\/wp\/v2\/posts\/4370\/revisions"}],"predecessor-version":[{"id":4371,"href":"https:\/\/agora.xtec.cat\/escola-solivent\/wp-json\/wp\/v2\/posts\/4370\/revisions\/4371"}],"wp:featuredmedia":[{"embeddable":true,"href":"https:\/\/agora.xtec.cat\/escola-solivent\/wp-json\/wp\/v2\/media\/4236"}],"wp:attachment":[{"href":"https:\/\/agora.xtec.cat\/escola-solivent\/wp-json\/wp\/v2\/media?parent=4370"}],"wp:term":[{"taxonomy":"category","embeddable":true,"href":"https:\/\/agora.xtec.cat\/escola-solivent\/wp-json\/wp\/v2\/categories?post=4370"},{"taxonomy":"post_tag","embeddable":true,"href":"https:\/\/agora.xtec.cat\/escola-solivent\/wp-json\/wp\/v2\/tags?post=4370"}],"curies":[{"name":"wp","href":"https:\/\/api.w.org\/{rel}","templated":true}]}}