{"id":4356,"date":"2024-06-03T15:21:34","date_gmt":"2024-06-03T13:21:34","guid":{"rendered":"https:\/\/agora.xtec.cat\/escola-solivent\/?p=4356"},"modified":"2024-06-03T15:21:34","modified_gmt":"2024-06-03T13:21:34","slug":"lesport-adaptat-arriba-a-lescola-sol-i-vent","status":"publish","type":"post","link":"https:\/\/agora.xtec.cat\/escola-solivent\/general\/lesport-adaptat-arriba-a-lescola-sol-i-vent\/","title":{"rendered":"L&#8217;ESPORT ADAPTAT ARRIBA A L&#8217;ESCOLA SOL I VENT."},"content":{"rendered":"<p>L\u2019alumnat de cinqu\u00e8 i sis\u00e8 ha pogut gaudir d\u2019una activitat d\u2019esport inclusiu durant aquest mat\u00ed.\u00a0Les escoles s\u00f3n el lloc ideal per posar els fonaments d\u2019un m\u00f3n millor. En aquesta etapa creiem que \u00e9s el millor moment per promoure valors i crear consci\u00e8ncia i acceptaci\u00f3 envers les persones amb diferents capacitats.<\/p>\n<p>Creiem que la pr\u00e0ctica d\u2019avui ha sigut una experi\u00e8ncia molt potent i ben segur que pot ajudar a conscienciar als nostres alumnes que tothom, sigui com sigui, t\u00e9 dret a realitzar all\u00f2 que es proposi i a tenir una vida plena de felicitat.<a href=\"https:\/\/agora.xtec.cat\/escola-solivent\/wp-content\/uploads\/usu1558\/2024\/06\/ESPORT-ADAPTAT-1.jpg\"><img loading=\"lazy\" decoding=\"async\" class=\"aligncenter size-medium wp-image-4357\" src=\"https:\/\/agora.xtec.cat\/escola-solivent\/wp-content\/uploads\/usu1558\/2024\/06\/ESPORT-ADAPTAT-1-300x300.jpg\" alt=\"\" width=\"300\" height=\"300\" srcset=\"https:\/\/agora.xtec.cat\/escola-solivent\/wp-content\/uploads\/usu1558\/2024\/06\/ESPORT-ADAPTAT-1-300x300.jpg 300w, https:\/\/agora.xtec.cat\/escola-solivent\/wp-content\/uploads\/usu1558\/2024\/06\/ESPORT-ADAPTAT-1-150x150.jpg 150w, https:\/\/agora.xtec.cat\/escola-solivent\/wp-content\/uploads\/usu1558\/2024\/06\/ESPORT-ADAPTAT-1-768x768.jpg 768w, https:\/\/agora.xtec.cat\/escola-solivent\/wp-content\/uploads\/usu1558\/2024\/06\/ESPORT-ADAPTAT-1.jpg 800w\" sizes=\"auto, (max-width: 300px) 100vw, 300px\" \/><\/a><\/p>\n","protected":false},"excerpt":{"rendered":"<p>L\u2019alumnat de cinqu\u00e8 i sis\u00e8 ha pogut gaudir d\u2019una activitat d\u2019esport inclusiu durant aquest mat\u00ed.\u00a0Les escoles s\u00f3n el lloc ideal per posar els fonaments d\u2019un m\u00f3n millor. En aquesta etapa creiem que \u00e9s el millor moment per promoure valors i crear consci\u00e8ncia i acceptaci\u00f3 envers&hellip;  <a href=\"https:\/\/agora.xtec.cat\/escola-solivent\/general\/lesport-adaptat-arriba-a-lescola-sol-i-vent\/\" title=\"Read L&#8217;ESPORT ADAPTAT ARRIBA A L&#8217;ESCOLA SOL I VENT.\">Llegeix m\u00e9s\u00bb<\/a><\/p>\n","protected":false},"author":1,"featured_media":4357,"comment_status":"open","ping_status":"closed","sticky":false,"template":"","format":"standard","meta":{"_bbp_topic_count":0,"_bbp_reply_count":0,"_bbp_total_topic_count":0,"_bbp_total_reply_count":0,"_bbp_voice_count":0,"_bbp_anonymous_reply_count":0,"_bbp_topic_count_hidden":0,"_bbp_reply_count_hidden":0,"_bbp_forum_subforum_count":0,"footnotes":""},"categories":[14,15,1,4,5],"tags":[64,280],"class_list":["post-4356","post","type-post","status-publish","format-standard","has-post-thumbnail","hentry","category-5e","category-6e","category-general","category-portada","category-primaria","tag-educacio-fisica","tag-esport-adaptat"],"post_mailing_queue_ids":[],"_links":{"self":[{"href":"https:\/\/agora.xtec.cat\/escola-solivent\/wp-json\/wp\/v2\/posts\/4356","targetHints":{"allow":["GET"]}}],"collection":[{"href":"https:\/\/agora.xtec.cat\/escola-solivent\/wp-json\/wp\/v2\/posts"}],"about":[{"href":"https:\/\/agora.xtec.cat\/escola-solivent\/wp-json\/wp\/v2\/types\/post"}],"author":[{"embeddable":true,"href":"https:\/\/agora.xtec.cat\/escola-solivent\/wp-json\/wp\/v2\/users\/1"}],"replies":[{"embeddable":true,"href":"https:\/\/agora.xtec.cat\/escola-solivent\/wp-json\/wp\/v2\/comments?post=4356"}],"version-history":[{"count":1,"href":"https:\/\/agora.xtec.cat\/escola-solivent\/wp-json\/wp\/v2\/posts\/4356\/revisions"}],"predecessor-version":[{"id":4358,"href":"https:\/\/agora.xtec.cat\/escola-solivent\/wp-json\/wp\/v2\/posts\/4356\/revisions\/4358"}],"wp:featuredmedia":[{"embeddable":true,"href":"https:\/\/agora.xtec.cat\/escola-solivent\/wp-json\/wp\/v2\/media\/4357"}],"wp:attachment":[{"href":"https:\/\/agora.xtec.cat\/escola-solivent\/wp-json\/wp\/v2\/media?parent=4356"}],"wp:term":[{"taxonomy":"category","embeddable":true,"href":"https:\/\/agora.xtec.cat\/escola-solivent\/wp-json\/wp\/v2\/categories?post=4356"},{"taxonomy":"post_tag","embeddable":true,"href":"https:\/\/agora.xtec.cat\/escola-solivent\/wp-json\/wp\/v2\/tags?post=4356"}],"curies":[{"name":"wp","href":"https:\/\/api.w.org\/{rel}","templated":true}]}}