{"id":4329,"date":"2024-05-20T16:54:30","date_gmt":"2024-05-20T14:54:30","guid":{"rendered":"https:\/\/agora.xtec.cat\/escola-solivent\/?p=4329"},"modified":"2024-05-22T07:58:03","modified_gmt":"2024-05-22T05:58:03","slug":"cinque-a-cantania-el-naufragi","status":"publish","type":"post","link":"https:\/\/agora.xtec.cat\/escola-solivent\/portada\/cinque-a-cantania-el-naufragi\/","title":{"rendered":"CINQU\u00c8 A CANT\u00c0NIA &#8211; EL NAUFRAGI"},"content":{"rendered":"<p>Ahir els nens i nenes de 5\u00e8 van poder participar de la Cant\u00e0nia d\u2019enguany. El Projecte Cant\u00e0nia (organitzat per l\u2019Auditori de Barcelona) ens ha perm\u00e8s viure una experi\u00e8ncia \u00fanica: fer un concert al Teatre Jard\u00ed de Figueres amb m\u00fasics professionals. Aquest any la cantata es titula \u201cEl Naufragi\u201d, amb m\u00fasica d&#8217;en Marc Tim\u00f3n i text d&#8217;en Jair Dom\u00ednguez.<\/p>\n<p>Aquesta Cant\u00e0nia ha tingut com a protagonistes en Biel i la Martina, quan la seva classe naufraga durant el viatge de final de curs i acaben a una illa deserta. Aquest fet els permet adquirir valors relacionats amb la sostenibilitat, que han estat imprescindibles pel bon desenlla\u00e7 de la hist\u00f2ria.<\/p>\n<p>Aquest concert \u00e9s el resultat de la feina duta a terme durant tot el curs, on hem anat treballant amb les can\u00e7ons, els moviments que les acompanyen i hem creat una fulla, un barret i un coco que s\u00f3n elements que tamb\u00e9 apareixen en la hist\u00f2ria. Despr\u00e9s de molta pr\u00e0ctica i assajos, hem pogut compartir el resultat amb les fam\u00edlies i amb altres nens i nenes que tamb\u00e9 han participat en el projecte.<\/p>\n<p><a href=\"https:\/\/agora.xtec.cat\/escola-solivent\/wp-content\/uploads\/usu1558\/2024\/05\/IMG-20240519-WA0031.jpg\"><img loading=\"lazy\" decoding=\"async\" class=\"aligncenter size-medium wp-image-4330\" src=\"https:\/\/agora.xtec.cat\/escola-solivent\/wp-content\/uploads\/usu1558\/2024\/05\/IMG-20240519-WA0031-300x169.jpg\" alt=\"\" width=\"300\" height=\"169\" srcset=\"https:\/\/agora.xtec.cat\/escola-solivent\/wp-content\/uploads\/usu1558\/2024\/05\/IMG-20240519-WA0031-300x169.jpg 300w, https:\/\/agora.xtec.cat\/escola-solivent\/wp-content\/uploads\/usu1558\/2024\/05\/IMG-20240519-WA0031-1024x576.jpg 1024w, https:\/\/agora.xtec.cat\/escola-solivent\/wp-content\/uploads\/usu1558\/2024\/05\/IMG-20240519-WA0031-768x432.jpg 768w, https:\/\/agora.xtec.cat\/escola-solivent\/wp-content\/uploads\/usu1558\/2024\/05\/IMG-20240519-WA0031-1536x864.jpg 1536w, https:\/\/agora.xtec.cat\/escola-solivent\/wp-content\/uploads\/usu1558\/2024\/05\/IMG-20240519-WA0031.jpg 2016w\" sizes=\"auto, (max-width: 300px) 100vw, 300px\" \/><\/a><\/p>\n<p><a href=\"https:\/\/drive.google.com\/drive\/folders\/1GnGZVgF94qjs4V7jMTjW-iVu1Aj1E-Tw?usp=sharing\"><span style=\"text-decoration: underline;\"><strong>Aqu\u00ed<\/strong> <\/span><\/a>us deixem un recull de fotografies i v\u00eddeos del concert.<\/p>\n","protected":false},"excerpt":{"rendered":"<p>Ahir els nens i nenes de 5\u00e8 van poder participar de la Cant\u00e0nia d\u2019enguany. El Projecte Cant\u00e0nia (organitzat per l\u2019Auditori de Barcelona) ens ha perm\u00e8s viure una experi\u00e8ncia \u00fanica: fer un concert al Teatre Jard\u00ed de Figueres amb m\u00fasics professionals. Aquest any la cantata es&hellip;  <a href=\"https:\/\/agora.xtec.cat\/escola-solivent\/portada\/cinque-a-cantania-el-naufragi\/\" title=\"Read CINQU\u00c8 A CANT\u00c0NIA &#8211; EL NAUFRAGI\">Llegeix m\u00e9s\u00bb<\/a><\/p>\n","protected":false},"author":1,"featured_media":4330,"comment_status":"open","ping_status":"closed","sticky":false,"template":"","format":"standard","meta":{"_bbp_topic_count":0,"_bbp_reply_count":0,"_bbp_total_topic_count":0,"_bbp_total_reply_count":0,"_bbp_voice_count":0,"_bbp_anonymous_reply_count":0,"_bbp_topic_count_hidden":0,"_bbp_reply_count_hidden":0,"_bbp_forum_subforum_count":0,"footnotes":""},"categories":[14,4,5],"tags":[85,169,76],"class_list":["post-4329","post","type-post","status-publish","format-standard","has-post-thumbnail","hentry","category-5e","category-portada","category-primaria","tag-cantania","tag-cicle-superior","tag-musica"],"post_mailing_queue_ids":[],"_links":{"self":[{"href":"https:\/\/agora.xtec.cat\/escola-solivent\/wp-json\/wp\/v2\/posts\/4329","targetHints":{"allow":["GET"]}}],"collection":[{"href":"https:\/\/agora.xtec.cat\/escola-solivent\/wp-json\/wp\/v2\/posts"}],"about":[{"href":"https:\/\/agora.xtec.cat\/escola-solivent\/wp-json\/wp\/v2\/types\/post"}],"author":[{"embeddable":true,"href":"https:\/\/agora.xtec.cat\/escola-solivent\/wp-json\/wp\/v2\/users\/1"}],"replies":[{"embeddable":true,"href":"https:\/\/agora.xtec.cat\/escola-solivent\/wp-json\/wp\/v2\/comments?post=4329"}],"version-history":[{"count":3,"href":"https:\/\/agora.xtec.cat\/escola-solivent\/wp-json\/wp\/v2\/posts\/4329\/revisions"}],"predecessor-version":[{"id":4333,"href":"https:\/\/agora.xtec.cat\/escola-solivent\/wp-json\/wp\/v2\/posts\/4329\/revisions\/4333"}],"wp:featuredmedia":[{"embeddable":true,"href":"https:\/\/agora.xtec.cat\/escola-solivent\/wp-json\/wp\/v2\/media\/4330"}],"wp:attachment":[{"href":"https:\/\/agora.xtec.cat\/escola-solivent\/wp-json\/wp\/v2\/media?parent=4329"}],"wp:term":[{"taxonomy":"category","embeddable":true,"href":"https:\/\/agora.xtec.cat\/escola-solivent\/wp-json\/wp\/v2\/categories?post=4329"},{"taxonomy":"post_tag","embeddable":true,"href":"https:\/\/agora.xtec.cat\/escola-solivent\/wp-json\/wp\/v2\/tags?post=4329"}],"curies":[{"name":"wp","href":"https:\/\/api.w.org\/{rel}","templated":true}]}}