{"id":4317,"date":"2024-04-28T11:46:50","date_gmt":"2024-04-28T09:46:50","guid":{"rendered":"https:\/\/agora.xtec.cat\/escola-solivent\/?p=4317"},"modified":"2024-04-28T11:47:36","modified_gmt":"2024-04-28T09:47:36","slug":"iv-rodaesport-a-vilafant","status":"publish","type":"post","link":"https:\/\/agora.xtec.cat\/escola-solivent\/general\/iv-rodaesport-a-vilafant\/","title":{"rendered":"IV RODAESPORT A VILAFANT"},"content":{"rendered":"<p>Aquest any hem celebrat el <strong>IV<\/strong><b> <\/b><b><i>RODAESPORT, <\/i><\/b>que es va dur a terme <b>el divendres 19 d\u2019abril a la zona esportiva de Vilafant.<\/b><\/p>\n<p>El<i>\u00a0Rodaesport<\/i>\u00a0va dirigit a l\u2019alumnat de\u00a0<b>6\u00e8 de Prim\u00e0ria<\/b>. \u00c9s una activitat intercentres que gira al voltant de la tem\u00e0tica dels esports minoritaris i que est\u00e0 impulsada i organitzada pels mestres d\u2019Educaci\u00f3 F\u00edsica dels centres participants amb la col\u00b7laboraci\u00f3 de l\u2019Ajuntament, l\u2019INS de Vilafant, el Servei Educatiu de l\u2019Alt Empord\u00e0, el Consell Esportiu de l\u2019Alt Empord\u00e0 i la Diputaci\u00f3 de Girona.<\/p>\n<p>Borrass\u00e0, Cabanes, Cistella, Garrig\u00e0s, Llad\u00f3, Llers, Navata, Ordis, Palau de Santa Eul\u00e0lia, Pont de Molins, Vilafant, Vilabertran, Vilamalla i Vilanant van ser les escoles participants.<\/p>\n<p>Es va realitzar un circuit d&#8217;11 esports, dinamitzat per alumnes de 1r BAT de l\u2019INS de Vilafant.<\/p>\n<p><a href=\"https:\/\/agora.xtec.cat\/escola-solivent\/wp-content\/uploads\/usu1558\/2024\/04\/rodaesport-.jpg\"><img loading=\"lazy\" decoding=\"async\" class=\"aligncenter size-medium wp-image-4318\" src=\"https:\/\/agora.xtec.cat\/escola-solivent\/wp-content\/uploads\/usu1558\/2024\/04\/rodaesport--300x191.jpg\" alt=\"\" width=\"300\" height=\"191\" srcset=\"https:\/\/agora.xtec.cat\/escola-solivent\/wp-content\/uploads\/usu1558\/2024\/04\/rodaesport--300x191.jpg 300w, https:\/\/agora.xtec.cat\/escola-solivent\/wp-content\/uploads\/usu1558\/2024\/04\/rodaesport--1024x650.jpg 1024w, https:\/\/agora.xtec.cat\/escola-solivent\/wp-content\/uploads\/usu1558\/2024\/04\/rodaesport--768x488.jpg 768w, https:\/\/agora.xtec.cat\/escola-solivent\/wp-content\/uploads\/usu1558\/2024\/04\/rodaesport--1536x975.jpg 1536w, https:\/\/agora.xtec.cat\/escola-solivent\/wp-content\/uploads\/usu1558\/2024\/04\/rodaesport-.jpg 1918w\" sizes=\"auto, (max-width: 300px) 100vw, 300px\" \/><\/a>Clica <a href=\"https:\/\/photos.app.goo.gl\/A2jGAemcPdEre9h7A\">aqu\u00ed<\/a> per veure les fotografies<\/p>\n","protected":false},"excerpt":{"rendered":"<p>Aquest any hem celebrat el IV RODAESPORT, que es va dur a terme el divendres 19 d\u2019abril a la zona esportiva de Vilafant.<br \/>\nEl\u00a0Rodaesport\u00a0va dirigit a l\u2019alumnat de\u00a06\u00e8 de Prim\u00e0ria. \u00c9s una activitat intercentres que gira al voltant de la tem\u00e0tica dels esports minoritaris i que&hellip;  <a href=\"https:\/\/agora.xtec.cat\/escola-solivent\/general\/iv-rodaesport-a-vilafant\/\" title=\"Read IV RODAESPORT A VILAFANT\">Llegeix m\u00e9s\u00bb<\/a><\/p>\n","protected":false},"author":1,"featured_media":4319,"comment_status":"open","ping_status":"closed","sticky":false,"template":"","format":"standard","meta":{"_bbp_topic_count":0,"_bbp_reply_count":0,"_bbp_total_topic_count":0,"_bbp_total_reply_count":0,"_bbp_voice_count":0,"_bbp_anonymous_reply_count":0,"_bbp_topic_count_hidden":0,"_bbp_reply_count_hidden":0,"_bbp_forum_subforum_count":0,"footnotes":""},"categories":[15,1,4,5],"tags":[64,272],"class_list":["post-4317","post","type-post","status-publish","format-standard","has-post-thumbnail","hentry","category-6e","category-general","category-portada","category-primaria","tag-educacio-fisica","tag-rodaesport"],"post_mailing_queue_ids":[],"_links":{"self":[{"href":"https:\/\/agora.xtec.cat\/escola-solivent\/wp-json\/wp\/v2\/posts\/4317","targetHints":{"allow":["GET"]}}],"collection":[{"href":"https:\/\/agora.xtec.cat\/escola-solivent\/wp-json\/wp\/v2\/posts"}],"about":[{"href":"https:\/\/agora.xtec.cat\/escola-solivent\/wp-json\/wp\/v2\/types\/post"}],"author":[{"embeddable":true,"href":"https:\/\/agora.xtec.cat\/escola-solivent\/wp-json\/wp\/v2\/users\/1"}],"replies":[{"embeddable":true,"href":"https:\/\/agora.xtec.cat\/escola-solivent\/wp-json\/wp\/v2\/comments?post=4317"}],"version-history":[{"count":2,"href":"https:\/\/agora.xtec.cat\/escola-solivent\/wp-json\/wp\/v2\/posts\/4317\/revisions"}],"predecessor-version":[{"id":4321,"href":"https:\/\/agora.xtec.cat\/escola-solivent\/wp-json\/wp\/v2\/posts\/4317\/revisions\/4321"}],"wp:featuredmedia":[{"embeddable":true,"href":"https:\/\/agora.xtec.cat\/escola-solivent\/wp-json\/wp\/v2\/media\/4319"}],"wp:attachment":[{"href":"https:\/\/agora.xtec.cat\/escola-solivent\/wp-json\/wp\/v2\/media?parent=4317"}],"wp:term":[{"taxonomy":"category","embeddable":true,"href":"https:\/\/agora.xtec.cat\/escola-solivent\/wp-json\/wp\/v2\/categories?post=4317"},{"taxonomy":"post_tag","embeddable":true,"href":"https:\/\/agora.xtec.cat\/escola-solivent\/wp-json\/wp\/v2\/tags?post=4317"}],"curies":[{"name":"wp","href":"https:\/\/api.w.org\/{rel}","templated":true}]}}