{"id":4080,"date":"2023-10-16T19:58:45","date_gmt":"2023-10-16T17:58:45","guid":{"rendered":"https:\/\/agora.xtec.cat\/escola-solivent\/?p=4080"},"modified":"2023-10-16T19:58:45","modified_gmt":"2023-10-16T17:58:45","slug":"benvinguda-falda-falguera","status":"publish","type":"post","link":"https:\/\/agora.xtec.cat\/escola-solivent\/infantil\/benvinguda-falda-falguera\/","title":{"rendered":"BENVINGUDA FALDA FALGUERA!"},"content":{"rendered":"<p><span style=\"font-weight: 400;\">Fa uns dies la nostra escola es va omplir de m\u00e0gia amb l\u2019arribada de la Fada Falguera, la Fada de la tardor.\u00a0<\/span><\/p>\n<p><span style=\"font-weight: 400;\">Els nens i les nenes d\u2019educaci\u00f3 infantil van rebre la seva visita a l\u2019hort de l\u2019escola. Va arribar amb un cistell ple d\u2019elements de la Tardor (carbasses, fulles, moniatos\u2026). Ella ben guarnida amb motius d\u2019aquesta estaci\u00f3 i amb la seva vareta m\u00e0gica, va donar la benvinguda a la tardor.\u00a0<\/span><\/p>\n<p><span style=\"font-weight: 400;\">Ens va encarregar una tasca molt important i \u00e9s que entre tots hav\u00edem de portar uns determinats fruits per observar-los, manipular-los i aprendre caracter\u00edstiques d\u2019aquests, els quals vam deixar exposats en el rac\u00f3 de descoberta.\u00a0<\/span><\/p>\n<p><span style=\"font-weight: 400;\">Abans de marxar i per acomiadar-nos, vam ballar plegats una dansa.<\/span><\/p>\n<p><span style=\"font-weight: 400;\">Esperem que gaudiu d\u2019aquest petit recull de fotografies de la seva arribada! Cliqueu <a href=\"https:\/\/youtu.be\/5S9TBKFADHs\">aqu\u00ed<\/a> per veure el v\u00eddeo.\u00a0<\/span><\/p>\n<p><span style=\"font-weight: 400;\">Fins aviat!<\/span><br \/>\n<iframe loading=\"lazy\" title=\"YouTube video player\" src=\"https:\/\/www.youtube.com\/embed\/5S9TBKFADHs?si=GhwFgFZ4tc5XmLsm\" width=\"560\" height=\"315\" frameborder=\"0\" allowfullscreen=\"allowfullscreen\"><\/iframe><\/p>\n","protected":false},"excerpt":{"rendered":"<p>Fa uns dies la nostra escola es va omplir de m\u00e0gia amb l\u2019arribada de la Fada Falguera, la Fada de la tardor.\u00a0<br \/>\nEls nens i les nenes d\u2019educaci\u00f3 infantil van rebre la seva visita a l\u2019hort de l\u2019escola. Va arribar amb un cistell ple d\u2019elements de&hellip;  <a href=\"https:\/\/agora.xtec.cat\/escola-solivent\/infantil\/benvinguda-falda-falguera\/\" title=\"Read BENVINGUDA FALDA FALGUERA!\">Llegeix m\u00e9s\u00bb<\/a><\/p>\n","protected":false},"author":1,"featured_media":4081,"comment_status":"open","ping_status":"closed","sticky":false,"template":"","format":"standard","meta":{"_bbp_topic_count":0,"_bbp_reply_count":0,"_bbp_total_topic_count":0,"_bbp_total_reply_count":0,"_bbp_voice_count":0,"_bbp_anonymous_reply_count":0,"_bbp_topic_count_hidden":0,"_bbp_reply_count_hidden":0,"_bbp_forum_subforum_count":0,"footnotes":""},"categories":[2,3,8,9,4],"tags":[67],"class_list":["post-4080","post","type-post","status-publish","format-standard","has-post-thumbnail","hentry","category-infantil","category-i3","category-i4","category-i5","category-portada","tag-tardor"],"post_mailing_queue_ids":[],"_links":{"self":[{"href":"https:\/\/agora.xtec.cat\/escola-solivent\/wp-json\/wp\/v2\/posts\/4080","targetHints":{"allow":["GET"]}}],"collection":[{"href":"https:\/\/agora.xtec.cat\/escola-solivent\/wp-json\/wp\/v2\/posts"}],"about":[{"href":"https:\/\/agora.xtec.cat\/escola-solivent\/wp-json\/wp\/v2\/types\/post"}],"author":[{"embeddable":true,"href":"https:\/\/agora.xtec.cat\/escola-solivent\/wp-json\/wp\/v2\/users\/1"}],"replies":[{"embeddable":true,"href":"https:\/\/agora.xtec.cat\/escola-solivent\/wp-json\/wp\/v2\/comments?post=4080"}],"version-history":[{"count":1,"href":"https:\/\/agora.xtec.cat\/escola-solivent\/wp-json\/wp\/v2\/posts\/4080\/revisions"}],"predecessor-version":[{"id":4082,"href":"https:\/\/agora.xtec.cat\/escola-solivent\/wp-json\/wp\/v2\/posts\/4080\/revisions\/4082"}],"wp:featuredmedia":[{"embeddable":true,"href":"https:\/\/agora.xtec.cat\/escola-solivent\/wp-json\/wp\/v2\/media\/4081"}],"wp:attachment":[{"href":"https:\/\/agora.xtec.cat\/escola-solivent\/wp-json\/wp\/v2\/media?parent=4080"}],"wp:term":[{"taxonomy":"category","embeddable":true,"href":"https:\/\/agora.xtec.cat\/escola-solivent\/wp-json\/wp\/v2\/categories?post=4080"},{"taxonomy":"post_tag","embeddable":true,"href":"https:\/\/agora.xtec.cat\/escola-solivent\/wp-json\/wp\/v2\/tags?post=4080"}],"curies":[{"name":"wp","href":"https:\/\/api.w.org\/{rel}","templated":true}]}}