{"id":4066,"date":"2023-09-18T19:12:24","date_gmt":"2023-09-18T17:12:24","guid":{"rendered":"https:\/\/agora.xtec.cat\/escola-solivent\/?p=4066"},"modified":"2023-09-18T19:12:24","modified_gmt":"2023-09-18T17:12:24","slug":"homenatge-a-lavi-fernando","status":"publish","type":"post","link":"https:\/\/agora.xtec.cat\/escola-solivent\/general\/homenatge-a-lavi-fernando\/","title":{"rendered":"HOMENATGE A L&#8217;AVI FERNANDO"},"content":{"rendered":"<p>Mentre l\u2019escola estava tancada i tota la comunitat estava de vacances, vam perdre una persona molt estimada per tots i totes nosaltres, el t\u00e8cnic de l\u2019hort, l&#8217;avi Fernando.<\/p>\n<p>Ara, una vegada hem tornat a donar vida a l\u2019escola, ha estat el moment de retre-li homenatge.<\/p>\n<p>L\u2019avi Fernando, que ens ha transm\u00e8s infinitats de valors i aprenentatges, ara ens ha donat una oportunitat, poder a m\u00e9s de parlar-ne, treballar i acompanyar la mort i la seva p\u00e8rdua.<\/p>\n<p>GR\u00c0CIES, AVI FERNANDO! <a href=\"https:\/\/agora.xtec.cat\/escola-solivent\/wp-content\/uploads\/usu1558\/2023\/09\/Captura-de-pantalla-2023-09-18-a-les-19.10.42.png\"><img loading=\"lazy\" decoding=\"async\" class=\"aligncenter size-medium wp-image-4067\" src=\"https:\/\/agora.xtec.cat\/escola-solivent\/wp-content\/uploads\/usu1558\/2023\/09\/Captura-de-pantalla-2023-09-18-a-les-19.10.42-300x217.png\" alt=\"\" width=\"300\" height=\"217\" srcset=\"https:\/\/agora.xtec.cat\/escola-solivent\/wp-content\/uploads\/usu1558\/2023\/09\/Captura-de-pantalla-2023-09-18-a-les-19.10.42-300x217.png 300w, https:\/\/agora.xtec.cat\/escola-solivent\/wp-content\/uploads\/usu1558\/2023\/09\/Captura-de-pantalla-2023-09-18-a-les-19.10.42.png 690w\" sizes=\"auto, (max-width: 300px) 100vw, 300px\" \/><\/a><\/p>\n<p><a href=\"https:\/\/agora.xtec.cat\/escola-solivent\/wp-content\/uploads\/usu1558\/2023\/09\/Captura-de-pantalla-2023-09-18-a-les-19.11.47.png\"><img loading=\"lazy\" decoding=\"async\" class=\"aligncenter size-medium wp-image-4068\" src=\"https:\/\/agora.xtec.cat\/escola-solivent\/wp-content\/uploads\/usu1558\/2023\/09\/Captura-de-pantalla-2023-09-18-a-les-19.11.47-209x300.png\" alt=\"\" width=\"209\" height=\"300\" srcset=\"https:\/\/agora.xtec.cat\/escola-solivent\/wp-content\/uploads\/usu1558\/2023\/09\/Captura-de-pantalla-2023-09-18-a-les-19.11.47-209x300.png 209w, https:\/\/agora.xtec.cat\/escola-solivent\/wp-content\/uploads\/usu1558\/2023\/09\/Captura-de-pantalla-2023-09-18-a-les-19.11.47.png 372w\" sizes=\"auto, (max-width: 209px) 100vw, 209px\" \/><\/a><\/p>\n","protected":false},"excerpt":{"rendered":"<p>Mentre l\u2019escola estava tancada i tota la comunitat estava de vacances, vam perdre una persona molt estimada per tots i totes nosaltres, el t\u00e8cnic de l\u2019hort, l&#8217;avi Fernando.<br \/>\nAra, una vegada hem tornat a donar vida a l\u2019escola, ha estat el moment de retre-li homenatge.<br \/>\nL\u2019avi Fernando,&hellip;  <a href=\"https:\/\/agora.xtec.cat\/escola-solivent\/general\/homenatge-a-lavi-fernando\/\" title=\"Read HOMENATGE A L&#8217;AVI FERNANDO\">Llegeix m\u00e9s\u00bb<\/a><\/p>\n","protected":false},"author":1,"featured_media":4067,"comment_status":"open","ping_status":"closed","sticky":false,"template":"","format":"standard","meta":{"_bbp_topic_count":0,"_bbp_reply_count":0,"_bbp_total_topic_count":0,"_bbp_total_reply_count":0,"_bbp_voice_count":0,"_bbp_anonymous_reply_count":0,"_bbp_topic_count_hidden":0,"_bbp_reply_count_hidden":0,"_bbp_forum_subforum_count":0,"footnotes":""},"categories":[1,4],"tags":[57],"class_list":["post-4066","post","type-post","status-publish","format-standard","has-post-thumbnail","hentry","category-general","category-portada","tag-hort"],"post_mailing_queue_ids":[],"_links":{"self":[{"href":"https:\/\/agora.xtec.cat\/escola-solivent\/wp-json\/wp\/v2\/posts\/4066","targetHints":{"allow":["GET"]}}],"collection":[{"href":"https:\/\/agora.xtec.cat\/escola-solivent\/wp-json\/wp\/v2\/posts"}],"about":[{"href":"https:\/\/agora.xtec.cat\/escola-solivent\/wp-json\/wp\/v2\/types\/post"}],"author":[{"embeddable":true,"href":"https:\/\/agora.xtec.cat\/escola-solivent\/wp-json\/wp\/v2\/users\/1"}],"replies":[{"embeddable":true,"href":"https:\/\/agora.xtec.cat\/escola-solivent\/wp-json\/wp\/v2\/comments?post=4066"}],"version-history":[{"count":1,"href":"https:\/\/agora.xtec.cat\/escola-solivent\/wp-json\/wp\/v2\/posts\/4066\/revisions"}],"predecessor-version":[{"id":4069,"href":"https:\/\/agora.xtec.cat\/escola-solivent\/wp-json\/wp\/v2\/posts\/4066\/revisions\/4069"}],"wp:featuredmedia":[{"embeddable":true,"href":"https:\/\/agora.xtec.cat\/escola-solivent\/wp-json\/wp\/v2\/media\/4067"}],"wp:attachment":[{"href":"https:\/\/agora.xtec.cat\/escola-solivent\/wp-json\/wp\/v2\/media?parent=4066"}],"wp:term":[{"taxonomy":"category","embeddable":true,"href":"https:\/\/agora.xtec.cat\/escola-solivent\/wp-json\/wp\/v2\/categories?post=4066"},{"taxonomy":"post_tag","embeddable":true,"href":"https:\/\/agora.xtec.cat\/escola-solivent\/wp-json\/wp\/v2\/tags?post=4066"}],"curies":[{"name":"wp","href":"https:\/\/api.w.org\/{rel}","templated":true}]}}