{"id":3987,"date":"2023-06-08T14:08:47","date_gmt":"2023-06-08T12:08:47","guid":{"rendered":"https:\/\/agora.xtec.cat\/escola-solivent\/?p=3987"},"modified":"2023-06-08T14:08:47","modified_gmt":"2023-06-08T12:08:47","slug":"exposicio-ramon-rodamon-projecte-artistic","status":"publish","type":"post","link":"https:\/\/agora.xtec.cat\/escola-solivent\/general\/exposicio-ramon-rodamon-projecte-artistic\/","title":{"rendered":"EXPOSICI\u00d3 RAMON RODAMON. PROJECTE ART\u00cdSTIC"},"content":{"rendered":"<p>Voleu fer la volta al m\u00f3n des de l&#8217;escola Sol i Vent?<\/p>\n<p>Cliqueu al seg\u00fcent\u00a0<a href=\"https:\/\/view.genial.ly\/647e17e542849600121f449b\">enlla\u00e7<\/a><a href=\"https:\/\/view.genial.ly\/647e17e542849600121f449b\"><br \/>\n<\/a><\/p>\n<p>&nbsp;<\/p>\n<p><a href=\"https:\/\/view.genial.ly\/647e17e542849600121f449b\"><img loading=\"lazy\" decoding=\"async\" class=\"aligncenter size-medium wp-image-3988\" src=\"https:\/\/agora.xtec.cat\/escola-solivent\/wp-content\/uploads\/usu1558\/2023\/06\/portada-300x164.jpg\" alt=\"\" width=\"300\" height=\"164\" srcset=\"https:\/\/agora.xtec.cat\/escola-solivent\/wp-content\/uploads\/usu1558\/2023\/06\/portada-300x164.jpg 300w, https:\/\/agora.xtec.cat\/escola-solivent\/wp-content\/uploads\/usu1558\/2023\/06\/portada-1024x559.jpg 1024w, https:\/\/agora.xtec.cat\/escola-solivent\/wp-content\/uploads\/usu1558\/2023\/06\/portada-768x419.jpg 768w, https:\/\/agora.xtec.cat\/escola-solivent\/wp-content\/uploads\/usu1558\/2023\/06\/portada-1536x838.jpg 1536w, https:\/\/agora.xtec.cat\/escola-solivent\/wp-content\/uploads\/usu1558\/2023\/06\/portada.jpg 1716w\" sizes=\"auto, (max-width: 300px) 100vw, 300px\" \/><\/a><\/p>\n","protected":false},"excerpt":{"rendered":"<p>Voleu fer la volta al m\u00f3n des de l&#8217;escola Sol i Vent?<br \/>\nCliqueu al seg\u00fcent\u00a0<a href=\"https:\/\/view.genial.ly\/647e17e542849600121f449b\">enlla\u00e7<\/a><a href=\"https:\/\/view.genial.ly\/647e17e542849600121f449b\"><br \/>\n<\/a><br \/>\n&nbsp;<br \/>\n<a href=\"https:\/\/view.genial.ly\/647e17e542849600121f449b\"><\/a><\/p>\n","protected":false},"author":1,"featured_media":3988,"comment_status":"open","ping_status":"closed","sticky":false,"template":"","format":"standard","meta":{"_bbp_topic_count":0,"_bbp_reply_count":0,"_bbp_total_topic_count":0,"_bbp_total_reply_count":0,"_bbp_voice_count":0,"_bbp_anonymous_reply_count":0,"_bbp_topic_count_hidden":0,"_bbp_reply_count_hidden":0,"_bbp_forum_subforum_count":0,"footnotes":""},"categories":[1,2,4,5],"tags":[168],"class_list":["post-3987","post","type-post","status-publish","format-standard","has-post-thumbnail","hentry","category-general","category-infantil","category-portada","category-primaria","tag-projecte"],"post_mailing_queue_ids":[],"_links":{"self":[{"href":"https:\/\/agora.xtec.cat\/escola-solivent\/wp-json\/wp\/v2\/posts\/3987","targetHints":{"allow":["GET"]}}],"collection":[{"href":"https:\/\/agora.xtec.cat\/escola-solivent\/wp-json\/wp\/v2\/posts"}],"about":[{"href":"https:\/\/agora.xtec.cat\/escola-solivent\/wp-json\/wp\/v2\/types\/post"}],"author":[{"embeddable":true,"href":"https:\/\/agora.xtec.cat\/escola-solivent\/wp-json\/wp\/v2\/users\/1"}],"replies":[{"embeddable":true,"href":"https:\/\/agora.xtec.cat\/escola-solivent\/wp-json\/wp\/v2\/comments?post=3987"}],"version-history":[{"count":3,"href":"https:\/\/agora.xtec.cat\/escola-solivent\/wp-json\/wp\/v2\/posts\/3987\/revisions"}],"predecessor-version":[{"id":3991,"href":"https:\/\/agora.xtec.cat\/escola-solivent\/wp-json\/wp\/v2\/posts\/3987\/revisions\/3991"}],"wp:featuredmedia":[{"embeddable":true,"href":"https:\/\/agora.xtec.cat\/escola-solivent\/wp-json\/wp\/v2\/media\/3988"}],"wp:attachment":[{"href":"https:\/\/agora.xtec.cat\/escola-solivent\/wp-json\/wp\/v2\/media?parent=3987"}],"wp:term":[{"taxonomy":"category","embeddable":true,"href":"https:\/\/agora.xtec.cat\/escola-solivent\/wp-json\/wp\/v2\/categories?post=3987"},{"taxonomy":"post_tag","embeddable":true,"href":"https:\/\/agora.xtec.cat\/escola-solivent\/wp-json\/wp\/v2\/tags?post=3987"}],"curies":[{"name":"wp","href":"https:\/\/api.w.org\/{rel}","templated":true}]}}