{"id":3969,"date":"2023-05-24T08:29:19","date_gmt":"2023-05-24T06:29:19","guid":{"rendered":"https:\/\/agora.xtec.cat\/escola-solivent\/?p=3969"},"modified":"2023-05-24T08:34:25","modified_gmt":"2023-05-24T06:34:25","slug":"beques-de-menjador-23-24","status":"publish","type":"post","link":"https:\/\/agora.xtec.cat\/escola-solivent\/general\/beques-de-menjador-23-24\/","title":{"rendered":"BEQUES DE MENJADOR 23-24"},"content":{"rendered":"<div class=\"gmail_default\">El <a href=\"https:\/\/www.altemporda.org\/portal\/cultura-i-ensenyament\/ensenyament\/menjador-escolar\">Consell Comarcal de l&#8217;Alt Empord\u00e0<\/a> ens informa que avui, dimecres 24 de maig, s&#8217;iniciar\u00e0 el proc\u00e9s de sol\u00b7licitud de beques de menjador per al curs 23-24 i el termini acabar\u00e0 el 9 de juny.<\/div>\n<div class=\"gmail_default\">La seg\u00fcent documentaci\u00f3 ser\u00e0 necess\u00e0ria per presentar la sol\u00b7licitud.<\/div>\n<div class=\"gmail_default\"><\/div>\n<div class=\"gmail_default\"><\/div>\n<div class=\"gmail_quote\">\n<div dir=\"ltr\">\n<div class=\"gmail_quote\">\n<blockquote class=\"gmail_quote\">\n<div dir=\"ltr\">\n<div><i><b>Que per a la tramitaci\u00f3 de la sol\u00b7licitud \u00e9s necessari disposar de la seg\u00fcent documentaci\u00f3\u00a0<span style=\"color: #ff00ff;\">(Original i c\u00f2pia)<\/span><\/b><b>:\u00a0<\/b><br \/>\n\u25e6 Situaci\u00f3 laboral actual a la Tresoreria General de la Seguretat Social<br \/>\n\u25e6 Certificat de perceptor\/a de prestacions al Servei d&#8217;Ocupaci\u00f3 de Catalunya (SOC)<br \/>\n\u25e6 Dades de prestacions per desocupaci\u00f3, imports de prestacions actuals i imports de prestacions per per\u00edodes al\u00a0Servei P\u00fablic d&#8217;Ocupaci\u00f3 Estatal (SEPE)<br \/>\n\u25e6 Prestacions socials p\u00fabliques a l&#8217;Institut Nacional de la Seguretat Social (INSS)<br \/>\n\u25e6 T\u00edtol de Fam\u00edlia Nombrosa al Departament de Benestar Social i Fam\u00edlia<br \/>\n\u25e6 T\u00edtol de Fam\u00edlia Monoparental al Departament de Benestar Social i Fam\u00edlia<br \/>\n\u25e6 Grau de discapacitat a l&#8217;Institut Catal\u00e0 d&#8217;Assist\u00e8ncia i Serveis Socials (ICASS)<br \/>\n\u25e6 Verificaci\u00f3 de dades d&#8217;identitat a la Direcci\u00f3 General de Policia (DGP)<span style=\"color: #ff00ff;\">\u00a0DNI del tots els membres de la fam\u00edlia.<\/span><br \/>\n<span style=\"color: #000000;\">\u25e6 Valors cadastrals de les finques urbanes i r\u00fastiques dels membres computables de la unitat familiar a la Direcci\u00f3<span class=\"gmail_default\">\u00a0<\/span><\/span><span style=\"color: #000000;\">General del Cadastre<\/span><br \/>\n<span style=\"color: #000000;\">\u25e6 Consultar inform\u00e0ticament a l\u2019Ag\u00e8ncia Tribut\u00e0ria les dades de l\u2019impost de la renda de l\u2019any 2021 de tots i cadascuna<span class=\"gmail_default\">\u00a0<\/span><\/span><span style=\"color: #000000;\">de les persones membres de la unitat familiar.<\/span><br \/>\n<span style=\"color: #000000;\">\u25e6 Consultar al Padr\u00f3 Municipal d\u2019Habitants del municipi corresponent les dades de les persones membre de tots i<span class=\"gmail_default\">\u00a0<\/span><\/span><span style=\"color: #000000;\">cadascuna de les persones de la unitat familiar.<\/span><\/i><\/div>\n<\/div>\n<\/blockquote>\n<\/div>\n<\/div>\n<\/div>\n","protected":false},"excerpt":{"rendered":"<p>El <a href=\"https:\/\/www.altemporda.org\/portal\/cultura-i-ensenyament\/ensenyament\/menjador-escolar\">Consell Comarcal de l&#8217;Alt Empord\u00e0<\/a> ens informa que avui, dimecres 24 de maig, s&#8217;iniciar\u00e0 el proc\u00e9s de sol\u00b7licitud de beques de menjador per al curs 23-24 i el termini acabar\u00e0 el 9 de juny.<br \/>\nLa seg\u00fcent documentaci\u00f3 ser\u00e0 necess\u00e0ria per presentar la sol\u00b7licitud.<\/p>\n<p>Que per&hellip;  <a href=\"https:\/\/agora.xtec.cat\/escola-solivent\/general\/beques-de-menjador-23-24\/\" title=\"Read BEQUES DE MENJADOR 23-24\">Llegeix m\u00e9s\u00bb<\/a><\/p>\n","protected":false},"author":1,"featured_media":521,"comment_status":"open","ping_status":"closed","sticky":false,"template":"","format":"standard","meta":{"_bbp_topic_count":0,"_bbp_reply_count":0,"_bbp_total_topic_count":0,"_bbp_total_reply_count":0,"_bbp_voice_count":0,"_bbp_anonymous_reply_count":0,"_bbp_topic_count_hidden":0,"_bbp_reply_count_hidden":0,"_bbp_forum_subforum_count":0,"footnotes":""},"categories":[1,2,4,5],"tags":[],"class_list":["post-3969","post","type-post","status-publish","format-standard","has-post-thumbnail","hentry","category-general","category-infantil","category-portada","category-primaria"],"post_mailing_queue_ids":[],"_links":{"self":[{"href":"https:\/\/agora.xtec.cat\/escola-solivent\/wp-json\/wp\/v2\/posts\/3969","targetHints":{"allow":["GET"]}}],"collection":[{"href":"https:\/\/agora.xtec.cat\/escola-solivent\/wp-json\/wp\/v2\/posts"}],"about":[{"href":"https:\/\/agora.xtec.cat\/escola-solivent\/wp-json\/wp\/v2\/types\/post"}],"author":[{"embeddable":true,"href":"https:\/\/agora.xtec.cat\/escola-solivent\/wp-json\/wp\/v2\/users\/1"}],"replies":[{"embeddable":true,"href":"https:\/\/agora.xtec.cat\/escola-solivent\/wp-json\/wp\/v2\/comments?post=3969"}],"version-history":[{"count":2,"href":"https:\/\/agora.xtec.cat\/escola-solivent\/wp-json\/wp\/v2\/posts\/3969\/revisions"}],"predecessor-version":[{"id":3971,"href":"https:\/\/agora.xtec.cat\/escola-solivent\/wp-json\/wp\/v2\/posts\/3969\/revisions\/3971"}],"wp:featuredmedia":[{"embeddable":true,"href":"https:\/\/agora.xtec.cat\/escola-solivent\/wp-json\/wp\/v2\/media\/521"}],"wp:attachment":[{"href":"https:\/\/agora.xtec.cat\/escola-solivent\/wp-json\/wp\/v2\/media?parent=3969"}],"wp:term":[{"taxonomy":"category","embeddable":true,"href":"https:\/\/agora.xtec.cat\/escola-solivent\/wp-json\/wp\/v2\/categories?post=3969"},{"taxonomy":"post_tag","embeddable":true,"href":"https:\/\/agora.xtec.cat\/escola-solivent\/wp-json\/wp\/v2\/tags?post=3969"}],"curies":[{"name":"wp","href":"https:\/\/api.w.org\/{rel}","templated":true}]}}