{"id":3962,"date":"2023-05-21T18:02:18","date_gmt":"2023-05-21T16:02:18","guid":{"rendered":"https:\/\/agora.xtec.cat\/escola-solivent\/?p=3962"},"modified":"2023-05-21T18:02:47","modified_gmt":"2023-05-21T16:02:47","slug":"cantania-amb-lalumnat-de-5e","status":"publish","type":"post","link":"https:\/\/agora.xtec.cat\/escola-solivent\/general\/cantania-amb-lalumnat-de-5e\/","title":{"rendered":"CANT\u00c0NIA AMB L&#8217;ALUMNAT DE 5\u00e8."},"content":{"rendered":"<p><span style=\"font-weight: 400;\">El passat divendres 19 de maig va tenir lloc la CANT\u00c0NIA al Teatre el Jard\u00ed de Figueres, una cantata acompanyada d\u2019orquestra i veus solistes professionals. Els alumnes de 5\u00e8 hi vam participar juntament amb altres alumnes d\u2019escoles de la comarca.\u00a0<\/span><\/p>\n<p><span style=\"font-weight: 400;\">Hem estat preparant al llarg del 2n trimestre i part del 3r la primera veu de les can\u00e7ons del concert juntament amb la nostra mestra de m\u00fasica.<\/span><\/p>\n<p><span style=\"font-weight: 400;\">Enguany, el t\u00edtol de la cantata: LES PORTES DEL M\u00d3N, fa refer\u00e8ncia al somni d\u2019una nena cega, la Sara, a qui li agradaria fer la volta al m\u00f3n com b\u00e9 passa al llibre que cada nit li llegeix el seu pare: La volta al m\u00f3n en 80 dies de Jules Verne.<\/span><\/p>\n<p><span style=\"font-weight: 400;\">Hem gaudit molt de l\u2019espectacle i ha estat una experi\u00e8ncia musical inoblidable damunt de l\u2019escenari.<\/span><\/p>\n<p>&nbsp;<\/p>\n<p><a href=\"https:\/\/drive.google.com\/file\/d\/1qtfWXzVcQcozpYUmxN5k3f0LSRR8UZBS\/view?usp=share_link\">CLICA AQU\u00cd PER VEURE EL V\u00cdDEO<\/a><\/p>\n","protected":false},"excerpt":{"rendered":"<p>El passat divendres 19 de maig va tenir lloc la CANT\u00c0NIA al Teatre el Jard\u00ed de Figueres, una cantata acompanyada d\u2019orquestra i veus solistes professionals. Els alumnes de 5\u00e8 hi vam participar juntament amb altres alumnes d\u2019escoles de la comarca.\u00a0<br \/>\nHem estat preparant al llarg del&hellip;  <a href=\"https:\/\/agora.xtec.cat\/escola-solivent\/general\/cantania-amb-lalumnat-de-5e\/\" title=\"Read CANT\u00c0NIA AMB L&#8217;ALUMNAT DE 5\u00e8.\">Llegeix m\u00e9s\u00bb<\/a><\/p>\n","protected":false},"author":1,"featured_media":3963,"comment_status":"open","ping_status":"closed","sticky":false,"template":"","format":"standard","meta":{"_bbp_topic_count":0,"_bbp_reply_count":0,"_bbp_total_topic_count":0,"_bbp_total_reply_count":0,"_bbp_voice_count":0,"_bbp_anonymous_reply_count":0,"_bbp_topic_count_hidden":0,"_bbp_reply_count_hidden":0,"_bbp_forum_subforum_count":0,"footnotes":""},"categories":[14,1,4,5],"tags":[85,76],"class_list":["post-3962","post","type-post","status-publish","format-standard","has-post-thumbnail","hentry","category-5e","category-general","category-portada","category-primaria","tag-cantania","tag-musica"],"post_mailing_queue_ids":[],"_links":{"self":[{"href":"https:\/\/agora.xtec.cat\/escola-solivent\/wp-json\/wp\/v2\/posts\/3962","targetHints":{"allow":["GET"]}}],"collection":[{"href":"https:\/\/agora.xtec.cat\/escola-solivent\/wp-json\/wp\/v2\/posts"}],"about":[{"href":"https:\/\/agora.xtec.cat\/escola-solivent\/wp-json\/wp\/v2\/types\/post"}],"author":[{"embeddable":true,"href":"https:\/\/agora.xtec.cat\/escola-solivent\/wp-json\/wp\/v2\/users\/1"}],"replies":[{"embeddable":true,"href":"https:\/\/agora.xtec.cat\/escola-solivent\/wp-json\/wp\/v2\/comments?post=3962"}],"version-history":[{"count":2,"href":"https:\/\/agora.xtec.cat\/escola-solivent\/wp-json\/wp\/v2\/posts\/3962\/revisions"}],"predecessor-version":[{"id":3965,"href":"https:\/\/agora.xtec.cat\/escola-solivent\/wp-json\/wp\/v2\/posts\/3962\/revisions\/3965"}],"wp:featuredmedia":[{"embeddable":true,"href":"https:\/\/agora.xtec.cat\/escola-solivent\/wp-json\/wp\/v2\/media\/3963"}],"wp:attachment":[{"href":"https:\/\/agora.xtec.cat\/escola-solivent\/wp-json\/wp\/v2\/media?parent=3962"}],"wp:term":[{"taxonomy":"category","embeddable":true,"href":"https:\/\/agora.xtec.cat\/escola-solivent\/wp-json\/wp\/v2\/categories?post=3962"},{"taxonomy":"post_tag","embeddable":true,"href":"https:\/\/agora.xtec.cat\/escola-solivent\/wp-json\/wp\/v2\/tags?post=3962"}],"curies":[{"name":"wp","href":"https:\/\/api.w.org\/{rel}","templated":true}]}}