{"id":3929,"date":"2023-04-11T10:00:05","date_gmt":"2023-04-11T08:00:05","guid":{"rendered":"https:\/\/agora.xtec.cat\/escola-solivent\/?p=3929"},"modified":"2023-04-10T07:49:12","modified_gmt":"2023-04-10T05:49:12","slug":"ja-es-primavera-a-lhort-de-lescola","status":"publish","type":"post","link":"https:\/\/agora.xtec.cat\/escola-solivent\/primaria\/ja-es-primavera-a-lhort-de-lescola\/","title":{"rendered":"JA \u00c9S PRIMAVERA A L\u2019HORT DE L\u2019ESCOLA"},"content":{"rendered":"<p><span style=\"font-weight: 400;\">Ja som primavera i l\u2019hort de l\u2019escola est\u00e0 fant\u00e0stic!!<\/span><\/p>\n<p><span style=\"font-weight: 400;\">Els i les alumnes de cinqu\u00e8 hem anat aquesta setmana a veure com estan les faves que vam plantar a l&#8217;hivern, i sabeu una cosa? Ja estan molt altes i tenen flors.Esperem tenir una bona collita!<\/span><\/p>\n<p><span style=\"font-weight: 400;\">Tamb\u00e9 hem pogut estrenar les eines per treballar l\u2019hort : un rasclet, una pala, una aixada i una carretilla. S\u00f3n molt xulos i ens han anat molt b\u00e9 per plantar la nostres plantes arom\u00e0tiques.<\/span><\/p>\n<p><span style=\"font-weight: 400;\">L\u2019arom\u00e0tica que ens ha tocat aquest curs \u00e9s la <\/span><b>sajolida.<\/b><span style=\"font-weight: 400;\"> Cap nen ni nena de la classe la coneixia, \u00e9s una planta que no hav\u00edem vist mai, per\u00f2 ja investigarem i segur que descobrirem moltes coses sobre ella.<\/span><\/p>\n","protected":false},"excerpt":{"rendered":"<p>Ja som primavera i l\u2019hort de l\u2019escola est\u00e0 fant\u00e0stic!!<br \/>\nEls i les alumnes de cinqu\u00e8 hem anat aquesta setmana a veure com estan les faves que vam plantar a l&#8217;hivern, i sabeu una cosa? Ja estan molt altes i tenen flors.Esperem tenir una bona collita!<br \/>\nTamb\u00e9 hem&hellip;  <a href=\"https:\/\/agora.xtec.cat\/escola-solivent\/primaria\/ja-es-primavera-a-lhort-de-lescola\/\" title=\"Read JA \u00c9S PRIMAVERA A L\u2019HORT DE L\u2019ESCOLA\">Llegeix m\u00e9s\u00bb<\/a><\/p>\n","protected":false},"author":1,"featured_media":3930,"comment_status":"open","ping_status":"closed","sticky":false,"template":"","format":"standard","meta":{"_bbp_topic_count":0,"_bbp_reply_count":0,"_bbp_total_topic_count":0,"_bbp_total_reply_count":0,"_bbp_voice_count":0,"_bbp_anonymous_reply_count":0,"_bbp_topic_count_hidden":0,"_bbp_reply_count_hidden":0,"_bbp_forum_subforum_count":0,"footnotes":""},"categories":[14,5],"tags":[89,57,97,132],"class_list":["post-3929","post","type-post","status-publish","format-standard","has-post-thumbnail","hentry","category-5e","category-primaria","tag-descoberta","tag-hort","tag-medi","tag-primavera"],"post_mailing_queue_ids":[],"_links":{"self":[{"href":"https:\/\/agora.xtec.cat\/escola-solivent\/wp-json\/wp\/v2\/posts\/3929","targetHints":{"allow":["GET"]}}],"collection":[{"href":"https:\/\/agora.xtec.cat\/escola-solivent\/wp-json\/wp\/v2\/posts"}],"about":[{"href":"https:\/\/agora.xtec.cat\/escola-solivent\/wp-json\/wp\/v2\/types\/post"}],"author":[{"embeddable":true,"href":"https:\/\/agora.xtec.cat\/escola-solivent\/wp-json\/wp\/v2\/users\/1"}],"replies":[{"embeddable":true,"href":"https:\/\/agora.xtec.cat\/escola-solivent\/wp-json\/wp\/v2\/comments?post=3929"}],"version-history":[{"count":2,"href":"https:\/\/agora.xtec.cat\/escola-solivent\/wp-json\/wp\/v2\/posts\/3929\/revisions"}],"predecessor-version":[{"id":3932,"href":"https:\/\/agora.xtec.cat\/escola-solivent\/wp-json\/wp\/v2\/posts\/3929\/revisions\/3932"}],"wp:featuredmedia":[{"embeddable":true,"href":"https:\/\/agora.xtec.cat\/escola-solivent\/wp-json\/wp\/v2\/media\/3930"}],"wp:attachment":[{"href":"https:\/\/agora.xtec.cat\/escola-solivent\/wp-json\/wp\/v2\/media?parent=3929"}],"wp:term":[{"taxonomy":"category","embeddable":true,"href":"https:\/\/agora.xtec.cat\/escola-solivent\/wp-json\/wp\/v2\/categories?post=3929"},{"taxonomy":"post_tag","embeddable":true,"href":"https:\/\/agora.xtec.cat\/escola-solivent\/wp-json\/wp\/v2\/tags?post=3929"}],"curies":[{"name":"wp","href":"https:\/\/api.w.org\/{rel}","templated":true}]}}