{"id":3905,"date":"2023-03-24T10:42:11","date_gmt":"2023-03-24T09:42:11","guid":{"rendered":"https:\/\/agora.xtec.cat\/escola-solivent\/?p=3905"},"modified":"2023-03-24T10:42:11","modified_gmt":"2023-03-24T09:42:11","slug":"cicle-inicial-us-explica","status":"publish","type":"post","link":"https:\/\/agora.xtec.cat\/escola-solivent\/general\/cicle-inicial-us-explica\/","title":{"rendered":"CICLE INICIAL US EXPLICA&#8230;"},"content":{"rendered":"<p><span style=\"font-weight: 400;\">Benvolgudes fam\u00edlies, amics, amigues, ve\u00efns i ve\u00efnes,\u00a0<\/span><\/p>\n<p><span style=\"font-weight: 400;\">Com esteu?<\/span><\/p>\n<p><span style=\"font-weight: 400;\">Avui des de cicle inicial us portem not\u00edcies fresques i \u00e9s que us volem ensenyar part del projecte amb el qual hem estat treballant.\u00a0<\/span><\/p>\n<p><span style=\"font-weight: 400;\">Com ja sabeu nosaltres treballem per projectes i aix\u00f2 vol dir que durant unes setmanes ens centrem en el treball\u00a0 profund d\u2019un tema. Aquestes \u00faltimes setmanes hem estat treballant entorn de l\u2019aigua, el dia i la nit.\u00a0<\/span><\/p>\n<p><span style=\"font-weight: 400;\">Una part del projecte ha consistit en desglossar una hist\u00f2ria que ens ha portat a descobrir el nom dels diferents n\u00favols segons la seva forma i color. Per acabar d\u2019interioritzar-ho ho vam representar de manera pl\u00e0stica i el resultat han sigut un seguit de n\u00favols que ens transporten a dies de fred, pluja o boira.\u00a0<\/span><\/p>\n<p><a href=\"https:\/\/drive.google.com\/file\/d\/1haEkpcdtKjqCm7jEjvhJqRoCvBK8N4QS\/view?usp=share_link\">VEURE V\u00cdDEO<\/a><\/p>\n<p><span style=\"font-weight: 400;\">Esperem que us agradi!<\/span><\/p>\n<p><span style=\"font-weight: 400;\">Una abra\u00e7ada ben gran,\u00a0<\/span><\/p>\n<p><span style=\"font-weight: 400;\">Cicle Inicial<\/span><\/p>\n","protected":false},"excerpt":{"rendered":"<p>Benvolgudes fam\u00edlies, amics, amigues, ve\u00efns i ve\u00efnes,\u00a0<br \/>\nCom esteu?<br \/>\nAvui des de cicle inicial us portem not\u00edcies fresques i \u00e9s que us volem ensenyar part del projecte amb el qual hem estat treballant.\u00a0<br \/>\nCom ja sabeu nosaltres treballem per projectes i aix\u00f2 vol dir que durant unes setmanes&hellip;  <a href=\"https:\/\/agora.xtec.cat\/escola-solivent\/general\/cicle-inicial-us-explica\/\" title=\"Read CICLE INICIAL US EXPLICA&#8230;\">Llegeix m\u00e9s\u00bb<\/a><\/p>\n","protected":false},"author":1,"featured_media":0,"comment_status":"open","ping_status":"closed","sticky":false,"template":"","format":"standard","meta":{"_bbp_topic_count":0,"_bbp_reply_count":0,"_bbp_total_topic_count":0,"_bbp_total_reply_count":0,"_bbp_voice_count":0,"_bbp_anonymous_reply_count":0,"_bbp_topic_count_hidden":0,"_bbp_reply_count_hidden":0,"_bbp_forum_subforum_count":0,"footnotes":""},"categories":[10,11,1,4,5],"tags":[230,231,232,168],"class_list":["post-3905","post","type-post","status-publish","format-standard","hentry","category-1r","category-2n","category-general","category-portada","category-primaria","tag-aigua","tag-dia","tag-nit","tag-projecte"],"post_mailing_queue_ids":[],"_links":{"self":[{"href":"https:\/\/agora.xtec.cat\/escola-solivent\/wp-json\/wp\/v2\/posts\/3905","targetHints":{"allow":["GET"]}}],"collection":[{"href":"https:\/\/agora.xtec.cat\/escola-solivent\/wp-json\/wp\/v2\/posts"}],"about":[{"href":"https:\/\/agora.xtec.cat\/escola-solivent\/wp-json\/wp\/v2\/types\/post"}],"author":[{"embeddable":true,"href":"https:\/\/agora.xtec.cat\/escola-solivent\/wp-json\/wp\/v2\/users\/1"}],"replies":[{"embeddable":true,"href":"https:\/\/agora.xtec.cat\/escola-solivent\/wp-json\/wp\/v2\/comments?post=3905"}],"version-history":[{"count":1,"href":"https:\/\/agora.xtec.cat\/escola-solivent\/wp-json\/wp\/v2\/posts\/3905\/revisions"}],"predecessor-version":[{"id":3906,"href":"https:\/\/agora.xtec.cat\/escola-solivent\/wp-json\/wp\/v2\/posts\/3905\/revisions\/3906"}],"wp:attachment":[{"href":"https:\/\/agora.xtec.cat\/escola-solivent\/wp-json\/wp\/v2\/media?parent=3905"}],"wp:term":[{"taxonomy":"category","embeddable":true,"href":"https:\/\/agora.xtec.cat\/escola-solivent\/wp-json\/wp\/v2\/categories?post=3905"},{"taxonomy":"post_tag","embeddable":true,"href":"https:\/\/agora.xtec.cat\/escola-solivent\/wp-json\/wp\/v2\/tags?post=3905"}],"curies":[{"name":"wp","href":"https:\/\/api.w.org\/{rel}","templated":true}]}}