{"id":3899,"date":"2023-03-20T10:10:04","date_gmt":"2023-03-20T09:10:04","guid":{"rendered":"https:\/\/agora.xtec.cat\/escola-solivent\/?p=3899"},"modified":"2023-03-20T10:10:04","modified_gmt":"2023-03-20T09:10:04","slug":"vilafant-vila-educadora-2023","status":"publish","type":"post","link":"https:\/\/agora.xtec.cat\/escola-solivent\/general\/vilafant-vila-educadora-2023\/","title":{"rendered":"VILAFANT VILA EDUCADORA 2023"},"content":{"rendered":"<p>El passat 18 de mar\u00e7 es va celebrar la XIII Vilafant Vila Educadora al centre c\u00edvic de les M\u00e8lies.<\/p>\n<p>Els nens i nenes de l&#8217;escola Sol i Vent van fer una presentaci\u00f3 de com utilitzem els jocs de taula a les diferents sessions. Des de les normes d&#8217;aula, l&#8217;organitzaci\u00f3, l&#8217;inventari, l&#8217;autoavaluaci\u00f3&#8230;<\/p>\n<p>Us deixem el<a href=\"https:\/\/drive.google.com\/file\/d\/1ha8t6I5TGlR8xJPO9NJY8kLAhEYGl8HT\/view?usp=sharing\"> v\u00eddeo de la presentaci\u00f3.<\/a><\/p>\n<p>Com a cloenda de la jornada, es va fer una taula rodona gestionada per l&#8217;Anna Riera, cap d&#8217;estudis de l&#8217;escola, on es preguntava &#8220;Els jocs s\u00f3n una eina educativa&#8221;?. Van assistir-hi mestres i alumnes de l&#8217;escola on van poder donar la seva opini\u00f3.<\/p>\n<p>&nbsp;<\/p>\n<p><a href=\"https:\/\/agora.xtec.cat\/escola-solivent\/wp-content\/uploads\/usu1558\/2023\/03\/PHOTO-2023-03-18-13-38-30.jpg\"><img loading=\"lazy\" decoding=\"async\" class=\"aligncenter size-medium wp-image-3902\" src=\"https:\/\/agora.xtec.cat\/escola-solivent\/wp-content\/uploads\/usu1558\/2023\/03\/PHOTO-2023-03-18-13-38-30-300x225.jpg\" alt=\"\" width=\"300\" height=\"225\" srcset=\"https:\/\/agora.xtec.cat\/escola-solivent\/wp-content\/uploads\/usu1558\/2023\/03\/PHOTO-2023-03-18-13-38-30-300x225.jpg 300w, https:\/\/agora.xtec.cat\/escola-solivent\/wp-content\/uploads\/usu1558\/2023\/03\/PHOTO-2023-03-18-13-38-30-1024x768.jpg 1024w, https:\/\/agora.xtec.cat\/escola-solivent\/wp-content\/uploads\/usu1558\/2023\/03\/PHOTO-2023-03-18-13-38-30-768x576.jpg 768w, https:\/\/agora.xtec.cat\/escola-solivent\/wp-content\/uploads\/usu1558\/2023\/03\/PHOTO-2023-03-18-13-38-30-1536x1152.jpg 1536w, https:\/\/agora.xtec.cat\/escola-solivent\/wp-content\/uploads\/usu1558\/2023\/03\/PHOTO-2023-03-18-13-38-30-200x150.jpg 200w, https:\/\/agora.xtec.cat\/escola-solivent\/wp-content\/uploads\/usu1558\/2023\/03\/PHOTO-2023-03-18-13-38-30.jpg 2048w\" sizes=\"auto, (max-width: 300px) 100vw, 300px\" \/><\/a><\/p>\n<p>&nbsp;<\/p>\n","protected":false},"excerpt":{"rendered":"<p>El passat 18 de mar\u00e7 es va celebrar la XIII Vilafant Vila Educadora al centre c\u00edvic de les M\u00e8lies.<br \/>\nEls nens i nenes de l&#8217;escola Sol i Vent van fer una presentaci\u00f3 de com utilitzem els jocs de taula a les diferents sessions. Des de les&hellip;  <a href=\"https:\/\/agora.xtec.cat\/escola-solivent\/general\/vilafant-vila-educadora-2023\/\" title=\"Read VILAFANT VILA EDUCADORA 2023\">Llegeix m\u00e9s\u00bb<\/a><\/p>\n","protected":false},"author":1,"featured_media":3901,"comment_status":"open","ping_status":"closed","sticky":false,"template":"","format":"standard","meta":{"_bbp_topic_count":0,"_bbp_reply_count":0,"_bbp_total_topic_count":0,"_bbp_total_reply_count":0,"_bbp_voice_count":0,"_bbp_anonymous_reply_count":0,"_bbp_topic_count_hidden":0,"_bbp_reply_count_hidden":0,"_bbp_forum_subforum_count":0,"footnotes":""},"categories":[7,1,2,4,5],"tags":[179,229],"class_list":["post-3899","post","type-post","status-publish","format-standard","has-post-thumbnail","hentry","category-afa","category-general","category-infantil","category-portada","category-primaria","tag-jocs-de-taula","tag-vilaeducadora"],"post_mailing_queue_ids":[],"_links":{"self":[{"href":"https:\/\/agora.xtec.cat\/escola-solivent\/wp-json\/wp\/v2\/posts\/3899","targetHints":{"allow":["GET"]}}],"collection":[{"href":"https:\/\/agora.xtec.cat\/escola-solivent\/wp-json\/wp\/v2\/posts"}],"about":[{"href":"https:\/\/agora.xtec.cat\/escola-solivent\/wp-json\/wp\/v2\/types\/post"}],"author":[{"embeddable":true,"href":"https:\/\/agora.xtec.cat\/escola-solivent\/wp-json\/wp\/v2\/users\/1"}],"replies":[{"embeddable":true,"href":"https:\/\/agora.xtec.cat\/escola-solivent\/wp-json\/wp\/v2\/comments?post=3899"}],"version-history":[{"count":1,"href":"https:\/\/agora.xtec.cat\/escola-solivent\/wp-json\/wp\/v2\/posts\/3899\/revisions"}],"predecessor-version":[{"id":3903,"href":"https:\/\/agora.xtec.cat\/escola-solivent\/wp-json\/wp\/v2\/posts\/3899\/revisions\/3903"}],"wp:featuredmedia":[{"embeddable":true,"href":"https:\/\/agora.xtec.cat\/escola-solivent\/wp-json\/wp\/v2\/media\/3901"}],"wp:attachment":[{"href":"https:\/\/agora.xtec.cat\/escola-solivent\/wp-json\/wp\/v2\/media?parent=3899"}],"wp:term":[{"taxonomy":"category","embeddable":true,"href":"https:\/\/agora.xtec.cat\/escola-solivent\/wp-json\/wp\/v2\/categories?post=3899"},{"taxonomy":"post_tag","embeddable":true,"href":"https:\/\/agora.xtec.cat\/escola-solivent\/wp-json\/wp\/v2\/tags?post=3899"}],"curies":[{"name":"wp","href":"https:\/\/api.w.org\/{rel}","templated":true}]}}