{"id":3892,"date":"2023-03-07T09:00:54","date_gmt":"2023-03-07T08:00:54","guid":{"rendered":"https:\/\/agora.xtec.cat\/escola-solivent\/?p=3892"},"modified":"2023-03-07T07:06:21","modified_gmt":"2023-03-07T06:06:21","slug":"tallers-de-carnaval","status":"publish","type":"post","link":"https:\/\/agora.xtec.cat\/escola-solivent\/infantil\/tallers-de-carnaval\/","title":{"rendered":"TALLERS DE CARNAVAL"},"content":{"rendered":"<p><span style=\"font-weight: 400;\">Els nens i les nenes de I3, I4 i I5 han pogut gaudir del Carnaval a l\u2019escola amb diversos tallers internivells.<\/span><\/p>\n<p><span style=\"font-weight: 400;\">\u00a0Han estat els tallers de:\u00a0 disfresses i maquillatge, can\u00e7\u00f3 i dansa i conte i antifa\u00e7. En el v\u00eddeo podreu veure que b\u00e9 s\u2019ho han passat.<\/span><\/p>\n<p><a href=\"https:\/\/drive.google.com\/file\/d\/1FIW47BycVD1QX3wA0aQLdnWnvymmdLY_\/view?usp=sharing\">VIDEO<\/a><\/p>\n","protected":false},"excerpt":{"rendered":"<p>Els nens i les nenes de I3, I4 i I5 han pogut gaudir del Carnaval a l\u2019escola amb diversos tallers internivells.<br \/>\n\u00a0Han estat els tallers de:\u00a0 disfresses i maquillatge, can\u00e7\u00f3 i dansa i conte i antifa\u00e7. En el v\u00eddeo podreu veure que b\u00e9 s\u2019ho han passat.<br \/>\n<a&hellip;  <a href=\"https:\/\/agora.xtec.cat\/escola-solivent\/infantil\/tallers-de-carnaval\/\" title=\"Read TALLERS DE CARNAVAL\">Llegeix m\u00e9s\u00bb<\/a><\/p>\n","protected":false},"author":1,"featured_media":3893,"comment_status":"open","ping_status":"closed","sticky":false,"template":"","format":"standard","meta":{"_bbp_topic_count":0,"_bbp_reply_count":0,"_bbp_total_topic_count":0,"_bbp_total_reply_count":0,"_bbp_voice_count":0,"_bbp_anonymous_reply_count":0,"_bbp_topic_count_hidden":0,"_bbp_reply_count_hidden":0,"_bbp_forum_subforum_count":0,"footnotes":""},"categories":[2,3,8,9,4],"tags":[73,215,223,145,107],"class_list":["post-3892","post","type-post","status-publish","format-standard","has-post-thumbnail","hentry","category-infantil","category-i3","category-i4","category-i5","category-portada","tag-carnaval","tag-educacio-artistica","tag-febrer","tag-infantil","tag-tallers"],"post_mailing_queue_ids":[],"_links":{"self":[{"href":"https:\/\/agora.xtec.cat\/escola-solivent\/wp-json\/wp\/v2\/posts\/3892","targetHints":{"allow":["GET"]}}],"collection":[{"href":"https:\/\/agora.xtec.cat\/escola-solivent\/wp-json\/wp\/v2\/posts"}],"about":[{"href":"https:\/\/agora.xtec.cat\/escola-solivent\/wp-json\/wp\/v2\/types\/post"}],"author":[{"embeddable":true,"href":"https:\/\/agora.xtec.cat\/escola-solivent\/wp-json\/wp\/v2\/users\/1"}],"replies":[{"embeddable":true,"href":"https:\/\/agora.xtec.cat\/escola-solivent\/wp-json\/wp\/v2\/comments?post=3892"}],"version-history":[{"count":1,"href":"https:\/\/agora.xtec.cat\/escola-solivent\/wp-json\/wp\/v2\/posts\/3892\/revisions"}],"predecessor-version":[{"id":3894,"href":"https:\/\/agora.xtec.cat\/escola-solivent\/wp-json\/wp\/v2\/posts\/3892\/revisions\/3894"}],"wp:featuredmedia":[{"embeddable":true,"href":"https:\/\/agora.xtec.cat\/escola-solivent\/wp-json\/wp\/v2\/media\/3893"}],"wp:attachment":[{"href":"https:\/\/agora.xtec.cat\/escola-solivent\/wp-json\/wp\/v2\/media?parent=3892"}],"wp:term":[{"taxonomy":"category","embeddable":true,"href":"https:\/\/agora.xtec.cat\/escola-solivent\/wp-json\/wp\/v2\/categories?post=3892"},{"taxonomy":"post_tag","embeddable":true,"href":"https:\/\/agora.xtec.cat\/escola-solivent\/wp-json\/wp\/v2\/tags?post=3892"}],"curies":[{"name":"wp","href":"https:\/\/api.w.org\/{rel}","templated":true}]}}