{"id":3870,"date":"2023-02-27T09:26:03","date_gmt":"2023-02-27T08:26:03","guid":{"rendered":"https:\/\/agora.xtec.cat\/escola-solivent\/?p=3870"},"modified":"2023-02-27T19:36:06","modified_gmt":"2023-02-27T18:36:06","slug":"joarnada-de-convivencia-amb-les-families","status":"publish","type":"post","link":"https:\/\/agora.xtec.cat\/escola-solivent\/general\/joarnada-de-convivencia-amb-les-families\/","title":{"rendered":"JORNADA DE CONVIV\u00c8NCIA AMB LES FAM\u00cdLIES."},"content":{"rendered":"<div class=\"gmail_default\"><span style=\"font-family: Verdana;\">Des <span class=\"il\">del<\/span> claustre, i com a objectius per millorar la conviv\u00e8ncia al centre, tenim per una banda, reprendre les sessions amb fam\u00edlies, i per l&#8217;altra, compartir el treball que fem amb els <span class=\"il\">jocs<\/span> <span class=\"il\">de<\/span> <span class=\"il\">taula<\/span>, amb vosaltres, les fam\u00edlies. <\/span><\/div>\n<div class=\"gmail_default\"><span style=\"font-family: Verdana;\">Hem cregut oport\u00fa, fer-ho abans <span class=\"il\">de<\/span> les jornades <span class=\"il\">de<\/span> Vilafant Vila educadora perqu\u00e8 pogueu viure en primera persona, com aprenen jugant els vostres fills i filles. <\/span><\/div>\n<div class=\"gmail_default\"><span style=\"font-family: Verdana;\">\u00a0<\/span><\/div>\n<div class=\"gmail_default\"><span style=\"font-family: Verdana;\">\u00c9s per aix\u00f2 que us convoquem el proper <b>dimecres dia 1 <span class=\"il\">de<\/span> mar\u00e7 a les 18h<\/b> <span class=\"il\">de<\/span> la tarda per tal <span class=\"il\">de<\/span> compartir plegats, aquest treball. <\/span><\/div>\n<div class=\"gmail_default\"><span style=\"font-family: Verdana;\">\u00a0<\/span><\/div>\n<div class=\"gmail_default\"><span style=\"font-family: Verdana;\">Agrair\u00edem que confirm\u00e9ssiu l&#8217;assist\u00e8ncia per tal <span class=\"il\">de<\/span> planificar l&#8217;espai, els <span class=\"il\">jocs<\/span>, l&#8217;organitzaci\u00f3&#8230; (b7004190@xtec.cat)<\/span><\/div>\n<div><\/div>\n<div><a href=\"https:\/\/agora.xtec.cat\/escola-solivent\/wp-content\/uploads\/usu1558\/2023\/02\/convivencia.pdf\">Cartell de conviv\u00e8ncia<\/a><a href=\"https:\/\/agora.xtec.cat\/escola-solivent\/wp-content\/uploads\/usu1558\/2023\/02\/info-Jocs-de-taula.jpg\"><img loading=\"lazy\" decoding=\"async\" class=\"aligncenter size-medium wp-image-3872\" src=\"https:\/\/agora.xtec.cat\/escola-solivent\/wp-content\/uploads\/usu1558\/2023\/02\/info-Jocs-de-taula-212x300.jpg\" alt=\"\" width=\"212\" height=\"300\" srcset=\"https:\/\/agora.xtec.cat\/escola-solivent\/wp-content\/uploads\/usu1558\/2023\/02\/info-Jocs-de-taula-212x300.jpg 212w, https:\/\/agora.xtec.cat\/escola-solivent\/wp-content\/uploads\/usu1558\/2023\/02\/info-Jocs-de-taula-724x1024.jpg 724w, https:\/\/agora.xtec.cat\/escola-solivent\/wp-content\/uploads\/usu1558\/2023\/02\/info-Jocs-de-taula-768x1086.jpg 768w, https:\/\/agora.xtec.cat\/escola-solivent\/wp-content\/uploads\/usu1558\/2023\/02\/info-Jocs-de-taula-1086x1536.jpg 1086w, https:\/\/agora.xtec.cat\/escola-solivent\/wp-content\/uploads\/usu1558\/2023\/02\/info-Jocs-de-taula-1448x2048.jpg 1448w, https:\/\/agora.xtec.cat\/escola-solivent\/wp-content\/uploads\/usu1558\/2023\/02\/info-Jocs-de-taula.jpg 1587w\" sizes=\"auto, (max-width: 212px) 100vw, 212px\" \/><\/a><\/div>\n","protected":false},"excerpt":{"rendered":"<p>Des del claustre, i com a objectius per millorar la conviv\u00e8ncia al centre, tenim per una banda, reprendre les sessions amb fam\u00edlies, i per l&#8217;altra, compartir el treball que fem amb els jocs de taula, amb vosaltres, les fam\u00edlies.<br \/>\nHem cregut oport\u00fa, fer-ho abans de&hellip;  <a href=\"https:\/\/agora.xtec.cat\/escola-solivent\/general\/joarnada-de-convivencia-amb-les-families\/\" title=\"Read JORNADA DE CONVIV\u00c8NCIA AMB LES FAM\u00cdLIES.\">Llegeix m\u00e9s\u00bb<\/a><\/p>\n","protected":false},"author":1,"featured_media":3872,"comment_status":"open","ping_status":"closed","sticky":false,"template":"","format":"standard","meta":{"_bbp_topic_count":0,"_bbp_reply_count":0,"_bbp_total_topic_count":0,"_bbp_total_reply_count":0,"_bbp_voice_count":0,"_bbp_anonymous_reply_count":0,"_bbp_topic_count_hidden":0,"_bbp_reply_count_hidden":0,"_bbp_forum_subforum_count":0,"footnotes":""},"categories":[1,2,4,5],"tags":[221,137],"class_list":["post-3870","post","type-post","status-publish","format-standard","has-post-thumbnail","hentry","category-general","category-infantil","category-portada","category-primaria","tag-convivencia","tag-families"],"post_mailing_queue_ids":[],"_links":{"self":[{"href":"https:\/\/agora.xtec.cat\/escola-solivent\/wp-json\/wp\/v2\/posts\/3870","targetHints":{"allow":["GET"]}}],"collection":[{"href":"https:\/\/agora.xtec.cat\/escola-solivent\/wp-json\/wp\/v2\/posts"}],"about":[{"href":"https:\/\/agora.xtec.cat\/escola-solivent\/wp-json\/wp\/v2\/types\/post"}],"author":[{"embeddable":true,"href":"https:\/\/agora.xtec.cat\/escola-solivent\/wp-json\/wp\/v2\/users\/1"}],"replies":[{"embeddable":true,"href":"https:\/\/agora.xtec.cat\/escola-solivent\/wp-json\/wp\/v2\/comments?post=3870"}],"version-history":[{"count":2,"href":"https:\/\/agora.xtec.cat\/escola-solivent\/wp-json\/wp\/v2\/posts\/3870\/revisions"}],"predecessor-version":[{"id":3874,"href":"https:\/\/agora.xtec.cat\/escola-solivent\/wp-json\/wp\/v2\/posts\/3870\/revisions\/3874"}],"wp:featuredmedia":[{"embeddable":true,"href":"https:\/\/agora.xtec.cat\/escola-solivent\/wp-json\/wp\/v2\/media\/3872"}],"wp:attachment":[{"href":"https:\/\/agora.xtec.cat\/escola-solivent\/wp-json\/wp\/v2\/media?parent=3870"}],"wp:term":[{"taxonomy":"category","embeddable":true,"href":"https:\/\/agora.xtec.cat\/escola-solivent\/wp-json\/wp\/v2\/categories?post=3870"},{"taxonomy":"post_tag","embeddable":true,"href":"https:\/\/agora.xtec.cat\/escola-solivent\/wp-json\/wp\/v2\/tags?post=3870"}],"curies":[{"name":"wp","href":"https:\/\/api.w.org\/{rel}","templated":true}]}}