{"id":3857,"date":"2023-02-15T09:00:14","date_gmt":"2023-02-15T08:00:14","guid":{"rendered":"https:\/\/agora.xtec.cat\/escola-solivent\/?p=3857"},"modified":"2023-02-14T06:49:27","modified_gmt":"2023-02-14T05:49:27","slug":"percussio-instrumental-a-quart","status":"publish","type":"post","link":"https:\/\/agora.xtec.cat\/escola-solivent\/portada\/percussio-instrumental-a-quart\/","title":{"rendered":"PERCUSSI\u00d3 INSTRUMENTAL A QUART"},"content":{"rendered":"<p><span style=\"font-weight: 400;\">A l\u2019hora de m\u00fasica, els alumnes de quart han acompanyat amb instruments de petita percussi\u00f3 la can\u00e7\u00f3: Oh! Susanna, tradicional americana. Amb aquesta activitat han treballat la precisi\u00f3 r\u00edtmica, actituds de respecte, col\u00b7laboraci\u00f3 i valoraci\u00f3 pel treball fet en grup.\u00a0<\/span><\/p>\n<p><span style=\"font-weight: 400;\">S\u2019ho han passat genial tocant!\u00a0<\/span><\/p>\n<p><span style=\"font-weight: 400;\">Seguidament podeu veure el <a href=\"https:\/\/drive.google.com\/file\/d\/1ZijLHPgC_pKLhZAhYf39V3GEw1iXZ0oz\/view?usp=sharing\">VIDEO<\/a><\/span><\/p>\n","protected":false},"excerpt":{"rendered":"<p>A l\u2019hora de m\u00fasica, els alumnes de quart han acompanyat amb instruments de petita percussi\u00f3 la can\u00e7\u00f3: Oh! Susanna, tradicional americana. Amb aquesta activitat han treballat la precisi\u00f3 r\u00edtmica, actituds de respecte, col\u00b7laboraci\u00f3 i valoraci\u00f3 pel treball fet en grup.\u00a0<br \/>\nS\u2019ho han passat genial tocant!\u00a0<br \/>\nSeguidament podeu&hellip;  <a href=\"https:\/\/agora.xtec.cat\/escola-solivent\/portada\/percussio-instrumental-a-quart\/\" title=\"Read PERCUSSI\u00d3 INSTRUMENTAL A QUART\">Llegeix m\u00e9s\u00bb<\/a><\/p>\n","protected":false},"author":1,"featured_media":3858,"comment_status":"open","ping_status":"closed","sticky":false,"template":"","format":"standard","meta":{"_bbp_topic_count":0,"_bbp_reply_count":0,"_bbp_total_topic_count":0,"_bbp_total_reply_count":0,"_bbp_voice_count":0,"_bbp_anonymous_reply_count":0,"_bbp_topic_count_hidden":0,"_bbp_reply_count_hidden":0,"_bbp_forum_subforum_count":0,"footnotes":""},"categories":[13,4,5],"tags":[215,76,218],"class_list":["post-3857","post","type-post","status-publish","format-standard","has-post-thumbnail","hentry","category-4t","category-portada","category-primaria","tag-educacio-artistica","tag-musica","tag-percussio"],"post_mailing_queue_ids":[],"_links":{"self":[{"href":"https:\/\/agora.xtec.cat\/escola-solivent\/wp-json\/wp\/v2\/posts\/3857","targetHints":{"allow":["GET"]}}],"collection":[{"href":"https:\/\/agora.xtec.cat\/escola-solivent\/wp-json\/wp\/v2\/posts"}],"about":[{"href":"https:\/\/agora.xtec.cat\/escola-solivent\/wp-json\/wp\/v2\/types\/post"}],"author":[{"embeddable":true,"href":"https:\/\/agora.xtec.cat\/escola-solivent\/wp-json\/wp\/v2\/users\/1"}],"replies":[{"embeddable":true,"href":"https:\/\/agora.xtec.cat\/escola-solivent\/wp-json\/wp\/v2\/comments?post=3857"}],"version-history":[{"count":1,"href":"https:\/\/agora.xtec.cat\/escola-solivent\/wp-json\/wp\/v2\/posts\/3857\/revisions"}],"predecessor-version":[{"id":3859,"href":"https:\/\/agora.xtec.cat\/escola-solivent\/wp-json\/wp\/v2\/posts\/3857\/revisions\/3859"}],"wp:featuredmedia":[{"embeddable":true,"href":"https:\/\/agora.xtec.cat\/escola-solivent\/wp-json\/wp\/v2\/media\/3858"}],"wp:attachment":[{"href":"https:\/\/agora.xtec.cat\/escola-solivent\/wp-json\/wp\/v2\/media?parent=3857"}],"wp:term":[{"taxonomy":"category","embeddable":true,"href":"https:\/\/agora.xtec.cat\/escola-solivent\/wp-json\/wp\/v2\/categories?post=3857"},{"taxonomy":"post_tag","embeddable":true,"href":"https:\/\/agora.xtec.cat\/escola-solivent\/wp-json\/wp\/v2\/tags?post=3857"}],"curies":[{"name":"wp","href":"https:\/\/api.w.org\/{rel}","templated":true}]}}