{"id":3850,"date":"2023-02-06T21:13:10","date_gmt":"2023-02-06T20:13:10","guid":{"rendered":"https:\/\/agora.xtec.cat\/escola-solivent\/?p=3850"},"modified":"2023-02-06T21:14:35","modified_gmt":"2023-02-06T20:14:35","slug":"dates-de-la-preinscripcio-del-curs-2023-2024","status":"publish","type":"post","link":"https:\/\/agora.xtec.cat\/escola-solivent\/general\/dates-de-la-preinscripcio-del-curs-2023-2024\/","title":{"rendered":"DATES DE LA PREINSCRIPCI\u00d3 DEL CURS 2023-2024."},"content":{"rendered":"<p><a href=\"https:\/\/preinscripcio.gencat.cat\/ca\/detalls\/noticia\/dates-preinscripcio-2023-2024\"><strong>Educaci\u00f3 infantil (3-6 anys), educaci\u00f3 prim\u00e0ria i educaci\u00f3 secund\u00e0ria obligat\u00f2ria<\/strong><\/a><\/p>\n<p>Presentaci\u00f3 de sol\u00b7licituds:<\/p>\n<ul>\n<li>Educaci\u00f3 infantil (3-6 anys) i educaci\u00f3 prim\u00e0ria:\u00a0<strong>del 6 al 20 de mar\u00e7<\/strong><\/li>\n<li>Educaci\u00f3 secund\u00e0ria obligat\u00f2ria:\u00a0<strong>del 8 al 20 de mar\u00e7<\/strong><\/li>\n<\/ul>\n<p>Matr\u00edcula:<\/p>\n<ul>\n<li>Educaci\u00f3 infantil, educaci\u00f3 prim\u00e0ria i educaci\u00f3 secund\u00e0ria obligat\u00f2ria:\u00a0<strong>del 20 al 28 de juny.<\/strong><\/li>\n<\/ul>\n<p style=\"text-align: center;\"><a href=\"https:\/\/preinscripcio.gencat.cat\/ca\/detalls\/noticia\/dates-preinscripcio-2023-2024\"><img loading=\"lazy\" decoding=\"async\" class=\"aligncenter size-medium wp-image-3851\" src=\"https:\/\/agora.xtec.cat\/escola-solivent\/wp-content\/uploads\/usu1558\/2023\/02\/Captura-de-pantalla-2023-02-06-a-les-21.12.20-300x242.png\" alt=\"\" width=\"300\" height=\"242\" srcset=\"https:\/\/agora.xtec.cat\/escola-solivent\/wp-content\/uploads\/usu1558\/2023\/02\/Captura-de-pantalla-2023-02-06-a-les-21.12.20-300x242.png 300w, https:\/\/agora.xtec.cat\/escola-solivent\/wp-content\/uploads\/usu1558\/2023\/02\/Captura-de-pantalla-2023-02-06-a-les-21.12.20-1024x825.png 1024w, https:\/\/agora.xtec.cat\/escola-solivent\/wp-content\/uploads\/usu1558\/2023\/02\/Captura-de-pantalla-2023-02-06-a-les-21.12.20-768x619.png 768w, https:\/\/agora.xtec.cat\/escola-solivent\/wp-content\/uploads\/usu1558\/2023\/02\/Captura-de-pantalla-2023-02-06-a-les-21.12.20.png 1184w\" sizes=\"auto, (max-width: 300px) 100vw, 300px\" \/><\/a><\/p>\n","protected":false},"excerpt":{"rendered":"<p><a href=\"https:\/\/preinscripcio.gencat.cat\/ca\/detalls\/noticia\/dates-preinscripcio-2023-2024\">Educaci\u00f3 infantil (3-6 anys), educaci\u00f3 prim\u00e0ria i educaci\u00f3 secund\u00e0ria obligat\u00f2ria<\/a><br \/>\nPresentaci\u00f3 de sol\u00b7licituds:<\/p>\n<ul>\n<li>Educaci\u00f3 infantil (3-6 anys) i educaci\u00f3 prim\u00e0ria:\u00a0del 6 al 20 de mar\u00e7<\/li>\n<li>Educaci\u00f3 secund\u00e0ria obligat\u00f2ria:\u00a0del 8 al 20 de mar\u00e7<\/li>\n<\/ul>\n<p>Matr\u00edcula:<\/p>\n<ul>\n<li>Educaci\u00f3 infantil, educaci\u00f3 prim\u00e0ria i educaci\u00f3 secund\u00e0ria obligat\u00f2ria:\u00a0del 20 al 28 de juny.<\/li>\n<\/ul>\n<p><a href=\"https:\/\/preinscripcio.gencat.cat\/ca\/detalls\/noticia\/dates-preinscripcio-2023-2024\"><\/a><\/p>\n","protected":false},"author":1,"featured_media":3851,"comment_status":"open","ping_status":"closed","sticky":false,"template":"","format":"standard","meta":{"_bbp_topic_count":0,"_bbp_reply_count":0,"_bbp_total_topic_count":0,"_bbp_total_reply_count":0,"_bbp_voice_count":0,"_bbp_anonymous_reply_count":0,"_bbp_topic_count_hidden":0,"_bbp_reply_count_hidden":0,"_bbp_forum_subforum_count":0,"footnotes":""},"categories":[1,4],"tags":[],"class_list":["post-3850","post","type-post","status-publish","format-standard","has-post-thumbnail","hentry","category-general","category-portada"],"post_mailing_queue_ids":[],"_links":{"self":[{"href":"https:\/\/agora.xtec.cat\/escola-solivent\/wp-json\/wp\/v2\/posts\/3850","targetHints":{"allow":["GET"]}}],"collection":[{"href":"https:\/\/agora.xtec.cat\/escola-solivent\/wp-json\/wp\/v2\/posts"}],"about":[{"href":"https:\/\/agora.xtec.cat\/escola-solivent\/wp-json\/wp\/v2\/types\/post"}],"author":[{"embeddable":true,"href":"https:\/\/agora.xtec.cat\/escola-solivent\/wp-json\/wp\/v2\/users\/1"}],"replies":[{"embeddable":true,"href":"https:\/\/agora.xtec.cat\/escola-solivent\/wp-json\/wp\/v2\/comments?post=3850"}],"version-history":[{"count":2,"href":"https:\/\/agora.xtec.cat\/escola-solivent\/wp-json\/wp\/v2\/posts\/3850\/revisions"}],"predecessor-version":[{"id":3853,"href":"https:\/\/agora.xtec.cat\/escola-solivent\/wp-json\/wp\/v2\/posts\/3850\/revisions\/3853"}],"wp:featuredmedia":[{"embeddable":true,"href":"https:\/\/agora.xtec.cat\/escola-solivent\/wp-json\/wp\/v2\/media\/3851"}],"wp:attachment":[{"href":"https:\/\/agora.xtec.cat\/escola-solivent\/wp-json\/wp\/v2\/media?parent=3850"}],"wp:term":[{"taxonomy":"category","embeddable":true,"href":"https:\/\/agora.xtec.cat\/escola-solivent\/wp-json\/wp\/v2\/categories?post=3850"},{"taxonomy":"post_tag","embeddable":true,"href":"https:\/\/agora.xtec.cat\/escola-solivent\/wp-json\/wp\/v2\/tags?post=3850"}],"curies":[{"name":"wp","href":"https:\/\/api.w.org\/{rel}","templated":true}]}}