{"id":3846,"date":"2023-02-05T16:54:45","date_gmt":"2023-02-05T15:54:45","guid":{"rendered":"https:\/\/agora.xtec.cat\/escola-solivent\/?p=3846"},"modified":"2023-02-05T16:54:45","modified_gmt":"2023-02-05T15:54:45","slug":"ha-arribat-la-fada-gebrada-a-infantil","status":"publish","type":"post","link":"https:\/\/agora.xtec.cat\/escola-solivent\/infantil\/ha-arribat-la-fada-gebrada-a-infantil\/","title":{"rendered":"HA ARRIBAT LA FADA GEBRADA A INFANTIL."},"content":{"rendered":"<p><span style=\"font-weight: 400;\">Aquest passat dilluns els alumnes d\u2019infantil vam rebre la visita inesperada de la fada Gebrada, que \u00e9s la fada de l\u2019hivern.\u00a0<\/span><\/p>\n<p><span style=\"font-weight: 400;\">Ens va explicar que venia d\u2019un lloc molt lluny\u00e0 on hi feia moooolt de fred. Tot i que no va poder venir amb tots els seus amics, va venir acompanyada del seu millor amic l\u2019\u00f3s polar, per\u00f2 s\u00ed que ens va donar records de part dels ping\u00fcins i de les foques.\u00a0<\/span><\/p>\n<p><span style=\"font-weight: 400;\">Despr\u00e9s vam ballar tots plegats la can\u00e7\u00f3 de la Frozen i ens ho vam passar d\u2019all\u00f2 m\u00e9s b\u00e9.<\/span><\/p>\n<p><span style=\"font-weight: 400;\">Finalment la fada ens va explicar que ens havia dut un regal de casa seva\u2026 ens va portar un gla\u00e7\u00f3 de gel per cadasc\u00fa!, amb el que vam poder jugar una estona al pati de l\u2019escola mentre comprovavem com n\u2019era de fred i com es desfeia amb el sol!<\/span><\/p>\n<p><span style=\"font-weight: 400;\">Abans de marxar ens va proposar que podr\u00edem fer una exposici\u00f3 de gel per ensenyar a la resta de l\u2019escola i ens va semblar una idea fant\u00e0stica!<\/span><\/p>\n<p>Cliqueu <a href=\"https:\/\/drive.google.com\/file\/d\/1rGAowX_NVfR6FwdfRyYr4Sb6o1-npriF\/view?usp=sharing\">aqu\u00ed<\/a> per veure el v\u00eddeo.<\/p>\n","protected":false},"excerpt":{"rendered":"<p>Aquest passat dilluns els alumnes d\u2019infantil vam rebre la visita inesperada de la fada Gebrada, que \u00e9s la fada de l\u2019hivern.\u00a0<br \/>\nEns va explicar que venia d\u2019un lloc molt lluny\u00e0 on hi feia moooolt de fred. Tot i que no va poder venir amb tots els&hellip;  <a href=\"https:\/\/agora.xtec.cat\/escola-solivent\/infantil\/ha-arribat-la-fada-gebrada-a-infantil\/\" title=\"Read HA ARRIBAT LA FADA GEBRADA A INFANTIL.\">Llegeix m\u00e9s\u00bb<\/a><\/p>\n","protected":false},"author":1,"featured_media":0,"comment_status":"open","ping_status":"closed","sticky":false,"template":"","format":"standard","meta":{"_bbp_topic_count":0,"_bbp_reply_count":0,"_bbp_total_topic_count":0,"_bbp_total_reply_count":0,"_bbp_voice_count":0,"_bbp_anonymous_reply_count":0,"_bbp_topic_count_hidden":0,"_bbp_reply_count_hidden":0,"_bbp_forum_subforum_count":0,"footnotes":""},"categories":[2,3,8,9,4],"tags":[],"class_list":["post-3846","post","type-post","status-publish","format-standard","hentry","category-infantil","category-i3","category-i4","category-i5","category-portada"],"post_mailing_queue_ids":[],"_links":{"self":[{"href":"https:\/\/agora.xtec.cat\/escola-solivent\/wp-json\/wp\/v2\/posts\/3846","targetHints":{"allow":["GET"]}}],"collection":[{"href":"https:\/\/agora.xtec.cat\/escola-solivent\/wp-json\/wp\/v2\/posts"}],"about":[{"href":"https:\/\/agora.xtec.cat\/escola-solivent\/wp-json\/wp\/v2\/types\/post"}],"author":[{"embeddable":true,"href":"https:\/\/agora.xtec.cat\/escola-solivent\/wp-json\/wp\/v2\/users\/1"}],"replies":[{"embeddable":true,"href":"https:\/\/agora.xtec.cat\/escola-solivent\/wp-json\/wp\/v2\/comments?post=3846"}],"version-history":[{"count":1,"href":"https:\/\/agora.xtec.cat\/escola-solivent\/wp-json\/wp\/v2\/posts\/3846\/revisions"}],"predecessor-version":[{"id":3847,"href":"https:\/\/agora.xtec.cat\/escola-solivent\/wp-json\/wp\/v2\/posts\/3846\/revisions\/3847"}],"wp:attachment":[{"href":"https:\/\/agora.xtec.cat\/escola-solivent\/wp-json\/wp\/v2\/media?parent=3846"}],"wp:term":[{"taxonomy":"category","embeddable":true,"href":"https:\/\/agora.xtec.cat\/escola-solivent\/wp-json\/wp\/v2\/categories?post=3846"},{"taxonomy":"post_tag","embeddable":true,"href":"https:\/\/agora.xtec.cat\/escola-solivent\/wp-json\/wp\/v2\/tags?post=3846"}],"curies":[{"name":"wp","href":"https:\/\/api.w.org\/{rel}","templated":true}]}}