{"id":3819,"date":"2022-12-17T11:24:44","date_gmt":"2022-12-17T10:24:44","guid":{"rendered":"https:\/\/agora.xtec.cat\/escola-solivent\/?p=3819"},"modified":"2022-12-17T11:24:44","modified_gmt":"2022-12-17T10:24:44","slug":"projecte-dels-animals-a-cicle-inicial-2","status":"publish","type":"post","link":"https:\/\/agora.xtec.cat\/escola-solivent\/portada\/projecte-dels-animals-a-cicle-inicial-2\/","title":{"rendered":"PROJECTE DELS ANIMALS A CICLE INICIAL."},"content":{"rendered":"<p><span style=\"font-weight: 400;\">Estimades fam\u00edlies, amics, ve\u00efns i ve\u00efnes, mestres;<\/span><\/p>\n<p><span style=\"font-weight: 400;\">Aquesta setmana som els nens i nenes de cicle inicial qui tenim moltes ganes d\u2019explicar-vos les sorpreses que ens hem anat trobant aquestes setmanes. I \u00e9s que, pels que no ho sab\u00edeu, aquest trimestre hem estat treballant entorn als animals. Hem apr\u00e8s qu\u00e8 s\u00f3n els animals vertebrats i invertebrats, de quina forma es poden reproduir, hem apr\u00e8s a descriure\u2019ls, a fer endevinalles&#8230; per\u00f2 el que no ens esper\u00e0vem i ens ha fet molta il\u00b7lusi\u00f3 ha sigut la col\u00b7laboraci\u00f3 de vosaltres: les fam\u00edlies.<\/span><\/p>\n<p><span style=\"font-weight: 400;\">Fa uns dies ens va venir a visitar el pare de l\u2019Aina de 2n. Ens va venir a explicar sobre animals que viuen al bosc, vam poder deduir que tots eren vertebrats i en vam explorar les seves petjades, banyes&#8230;<\/span><\/p>\n<p><span style=\"font-weight: 400;\">Tamb\u00e9 vam tenir la visita de la Xona i el pare d\u2019en Biel de 2n. Ens van ensenyar que amb molt de carinyo, const\u00e0ncia i atenci\u00f3 es pot arribar a educar un gos a la perfecci\u00f3. Clarament vam ser conscients que ten\u00edem davant un animal dom\u00e8stic, vertebrat i viv\u00edpar.<\/span><\/p>\n<p><span style=\"font-weight: 400;\">Finalment, nosaltres ja ens pens\u00e0vem que s\u2019acabaven les sorpreses, per\u00f2 de sobte va apar\u00e8ixer la mare de la Nora de 2n amb Bela. Una gateta que van adoptar fa 2 anys. Ens va encantar poder-la tocar i fer tot de preguntes.<\/span><\/p>\n<p><span style=\"font-weight: 400;\">Estem molt agra\u00efdes i agra\u00efts a totes les fam\u00edlies qui han participat i no volem que aix\u00f2 s\u2019aturi aqu\u00ed, us convidem a totes i a tots a que participeu a la vida de de l\u2019escola.<\/span><\/p>\n<p><span style=\"font-weight: 400;\">\u00a0CLIQUEU <a href=\"https:\/\/drive.google.com\/file\/d\/1V3d6DR9IpRPVEg8WWUaNdrY62Mbr847A\/view?usp=share_link\">AQU\u00cd<\/a> PER VEURE EL V\u00cdDEO.<\/span><\/p>\n<div style=\"width: 848px;\" class=\"wp-video\"><!--[if lt IE 9]><script>document.createElement('video');<\/script><![endif]-->\n<video class=\"wp-video-shortcode\" id=\"video-3819-1\" width=\"848\" height=\"480\" preload=\"metadata\" controls=\"controls\"><source type=\"video\/mp4\" src=\"https:\/\/agora.xtec.cat\/escola-solivent\/wp-content\/uploads\/usu1558\/2022\/12\/VIDEO.mp4?_=1\" \/><a href=\"https:\/\/agora.xtec.cat\/escola-solivent\/wp-content\/uploads\/usu1558\/2022\/12\/VIDEO.mp4\">https:\/\/agora.xtec.cat\/escola-solivent\/wp-content\/uploads\/usu1558\/2022\/12\/VIDEO.mp4<\/a><\/video><\/div>\n","protected":false},"excerpt":{"rendered":"<p>Estimades fam\u00edlies, amics, ve\u00efns i ve\u00efnes, mestres;<br \/>\nAquesta setmana som els nens i nenes de cicle inicial qui tenim moltes ganes d\u2019explicar-vos les sorpreses que ens hem anat trobant aquestes setmanes. I \u00e9s que, pels que no ho sab\u00edeu, aquest trimestre hem estat treballant entorn als&hellip;  <a href=\"https:\/\/agora.xtec.cat\/escola-solivent\/portada\/projecte-dels-animals-a-cicle-inicial-2\/\" title=\"Read PROJECTE DELS ANIMALS A CICLE INICIAL.\">Llegeix m\u00e9s\u00bb<\/a><\/p>\n","protected":false},"author":1,"featured_media":0,"comment_status":"open","ping_status":"closed","sticky":false,"template":"","format":"standard","meta":{"_bbp_topic_count":0,"_bbp_reply_count":0,"_bbp_total_topic_count":0,"_bbp_total_reply_count":0,"_bbp_voice_count":0,"_bbp_anonymous_reply_count":0,"_bbp_topic_count_hidden":0,"_bbp_reply_count_hidden":0,"_bbp_forum_subforum_count":0,"footnotes":""},"categories":[10,11,4,5],"tags":[142,168],"class_list":["post-3819","post","type-post","status-publish","format-standard","hentry","category-1r","category-2n","category-portada","category-primaria","tag-animals","tag-projecte"],"post_mailing_queue_ids":[],"_links":{"self":[{"href":"https:\/\/agora.xtec.cat\/escola-solivent\/wp-json\/wp\/v2\/posts\/3819","targetHints":{"allow":["GET"]}}],"collection":[{"href":"https:\/\/agora.xtec.cat\/escola-solivent\/wp-json\/wp\/v2\/posts"}],"about":[{"href":"https:\/\/agora.xtec.cat\/escola-solivent\/wp-json\/wp\/v2\/types\/post"}],"author":[{"embeddable":true,"href":"https:\/\/agora.xtec.cat\/escola-solivent\/wp-json\/wp\/v2\/users\/1"}],"replies":[{"embeddable":true,"href":"https:\/\/agora.xtec.cat\/escola-solivent\/wp-json\/wp\/v2\/comments?post=3819"}],"version-history":[{"count":1,"href":"https:\/\/agora.xtec.cat\/escola-solivent\/wp-json\/wp\/v2\/posts\/3819\/revisions"}],"predecessor-version":[{"id":3821,"href":"https:\/\/agora.xtec.cat\/escola-solivent\/wp-json\/wp\/v2\/posts\/3819\/revisions\/3821"}],"wp:attachment":[{"href":"https:\/\/agora.xtec.cat\/escola-solivent\/wp-json\/wp\/v2\/media?parent=3819"}],"wp:term":[{"taxonomy":"category","embeddable":true,"href":"https:\/\/agora.xtec.cat\/escola-solivent\/wp-json\/wp\/v2\/categories?post=3819"},{"taxonomy":"post_tag","embeddable":true,"href":"https:\/\/agora.xtec.cat\/escola-solivent\/wp-json\/wp\/v2\/tags?post=3819"}],"curies":[{"name":"wp","href":"https:\/\/api.w.org\/{rel}","templated":true}]}}