{"id":3816,"date":"2022-12-02T14:35:43","date_gmt":"2022-12-02T13:35:43","guid":{"rendered":"https:\/\/agora.xtec.cat\/escola-solivent\/?p=3816"},"modified":"2022-12-02T14:35:57","modified_gmt":"2022-12-02T13:35:57","slug":"esmorzar-de-tardo-a-educacio-infantil","status":"publish","type":"post","link":"https:\/\/agora.xtec.cat\/escola-solivent\/infantil\/esmorzar-de-tardo-a-educacio-infantil\/","title":{"rendered":"ESMORZAR DE TARDOR A EDUCACI\u00d3 INFANTIL"},"content":{"rendered":"<p><span style=\"font-weight: 400;\">Dijous de la setmana passada els alumnes d\u2019infantil vam fer l\u2019esmorzar de tardor. A l\u2019hora d\u2019esmorzar vam anar tots els nens i nenes de I3, I4 i I5 al pati, all\u00e0 tots junts vam fer una gran rotllana i vam ensenyar-nos les fruites carnoses i seques de la tardor que port\u00e0vem de casa. A m\u00e9s a m\u00e9s, tots vam poder tastar la magrana, el ra\u00efm i el moniato. A alguns aquestes fruites ens van agradar m\u00e9s que altres, per\u00f2 junts vam celebrar el dia de l\u2019esmorzar de tardor.\u00a0 <\/span><\/p>\n<p>CLIQUEU <a href=\"https:\/\/drive.google.com\/file\/d\/18r2d45L3-YWgfAcNfeBsu1vdyIlAbaF9\/view?usp=share_link\">AQU\u00cd<\/a> PER VEURE EL V\u00cdDEO.<\/p>\n","protected":false},"excerpt":{"rendered":"<p>Dijous de la setmana passada els alumnes d\u2019infantil vam fer l\u2019esmorzar de tardor. A l\u2019hora d\u2019esmorzar vam anar tots els nens i nenes de I3, I4 i I5 al pati, all\u00e0 tots junts vam fer una gran rotllana i vam ensenyar-nos les fruites carnoses i&hellip;  <a href=\"https:\/\/agora.xtec.cat\/escola-solivent\/infantil\/esmorzar-de-tardo-a-educacio-infantil\/\" title=\"Read ESMORZAR DE TARDOR A EDUCACI\u00d3 INFANTIL\">Llegeix m\u00e9s\u00bb<\/a><\/p>\n","protected":false},"author":1,"featured_media":0,"comment_status":"open","ping_status":"closed","sticky":false,"template":"","format":"standard","meta":{"_bbp_topic_count":0,"_bbp_reply_count":0,"_bbp_total_topic_count":0,"_bbp_total_reply_count":0,"_bbp_voice_count":0,"_bbp_anonymous_reply_count":0,"_bbp_topic_count_hidden":0,"_bbp_reply_count_hidden":0,"_bbp_forum_subforum_count":0,"footnotes":""},"categories":[2,3,8,9,4],"tags":[214],"class_list":["post-3816","post","type-post","status-publish","format-standard","hentry","category-infantil","category-i3","category-i4","category-i5","category-portada","tag-esmorzar"],"post_mailing_queue_ids":[],"_links":{"self":[{"href":"https:\/\/agora.xtec.cat\/escola-solivent\/wp-json\/wp\/v2\/posts\/3816","targetHints":{"allow":["GET"]}}],"collection":[{"href":"https:\/\/agora.xtec.cat\/escola-solivent\/wp-json\/wp\/v2\/posts"}],"about":[{"href":"https:\/\/agora.xtec.cat\/escola-solivent\/wp-json\/wp\/v2\/types\/post"}],"author":[{"embeddable":true,"href":"https:\/\/agora.xtec.cat\/escola-solivent\/wp-json\/wp\/v2\/users\/1"}],"replies":[{"embeddable":true,"href":"https:\/\/agora.xtec.cat\/escola-solivent\/wp-json\/wp\/v2\/comments?post=3816"}],"version-history":[{"count":2,"href":"https:\/\/agora.xtec.cat\/escola-solivent\/wp-json\/wp\/v2\/posts\/3816\/revisions"}],"predecessor-version":[{"id":3818,"href":"https:\/\/agora.xtec.cat\/escola-solivent\/wp-json\/wp\/v2\/posts\/3816\/revisions\/3818"}],"wp:attachment":[{"href":"https:\/\/agora.xtec.cat\/escola-solivent\/wp-json\/wp\/v2\/media?parent=3816"}],"wp:term":[{"taxonomy":"category","embeddable":true,"href":"https:\/\/agora.xtec.cat\/escola-solivent\/wp-json\/wp\/v2\/categories?post=3816"},{"taxonomy":"post_tag","embeddable":true,"href":"https:\/\/agora.xtec.cat\/escola-solivent\/wp-json\/wp\/v2\/tags?post=3816"}],"curies":[{"name":"wp","href":"https:\/\/api.w.org\/{rel}","templated":true}]}}