{"id":3813,"date":"2022-12-02T14:33:21","date_gmt":"2022-12-02T13:33:21","guid":{"rendered":"https:\/\/agora.xtec.cat\/escola-solivent\/?p=3813"},"modified":"2022-12-02T14:33:21","modified_gmt":"2022-12-02T13:33:21","slug":"visita-a-lexposicio-per-que-dissidents","status":"publish","type":"post","link":"https:\/\/agora.xtec.cat\/escola-solivent\/portada\/visita-a-lexposicio-per-que-dissidents\/","title":{"rendered":"VISITA A L\u2019EXPOSICI\u00d3: PER QU\u00c8? DISSIDENTS"},"content":{"rendered":"<p><b>Instal\u00b7laci\u00f3 col\u00b7lectiva de La Veu Lila i l\u2019Emma Alcal\u00e1<\/b><\/p>\n<p><span style=\"font-weight: 400;\">Fa uns dies, l\u2019alumnat de sis\u00e8 de la nostra escola, va anar a visitar l\u2019exposici\u00f3 al Cau de Vilafant. L\u2019exposici\u00f3 es titulava: Per qu\u00e8? Dissidents. Un treball de La Veu Lila i l\u2019Emma Alcal\u00e0.\u00a0<\/span><\/p>\n<p>&nbsp;<\/p>\n<p><span style=\"font-weight: 400;\">Van gaudir d\u2019una visita guiada on els van\u00a0 explicar el significat de cada obra, i tamb\u00e9\u00a0 van fer un taller.<\/span><\/p>\n<p>&nbsp;<\/p>\n<p><span style=\"font-weight: 400;\">Aquestes activitats, junt amb les ganes d\u2019anar m\u00e9s enll\u00e0, ens han fet pensar en un munt d\u2019idees per dur a la pr\u00e0ctica dins l\u2019\u00e0mbit escolar. Aix\u00ed doncs, m\u00e9s endavant us mostraran tota la feina i el projecte que tenen entre mans per mostrar i treballar amb la resta de companys de l\u2019escola!\u00a0<\/span><\/p>\n<p>&nbsp;<\/p>\n<p><span style=\"font-weight: 400;\">Des d\u2019aqu\u00ed volem donar l\u2019enhorabona a les artistes per la seva feina ben feta! Ens ha encantat! Moltes gr\u00e0cies! <\/span><\/p>\n<p>Us hem fet un petit v\u00eddeo. Cliqueu <a href=\"https:\/\/drive.google.com\/file\/d\/1MA6JGxQiiXlr5PjuApfjCQsL9TPA1mLC\/view?usp=share_link\">aqu\u00ed<\/a>.<\/p>\n","protected":false},"excerpt":{"rendered":"<p>Instal\u00b7laci\u00f3 col\u00b7lectiva de La Veu Lila i l\u2019Emma Alcal\u00e1<br \/>\nFa uns dies, l\u2019alumnat de sis\u00e8 de la nostra escola, va anar a visitar l\u2019exposici\u00f3 al Cau de Vilafant. L\u2019exposici\u00f3 es titulava: Per qu\u00e8? Dissidents. Un treball de La Veu Lila i l\u2019Emma Alcal\u00e0.\u00a0<br \/>\n&nbsp;<br \/>\nVan gaudir d\u2019una visita&hellip;  <a href=\"https:\/\/agora.xtec.cat\/escola-solivent\/portada\/visita-a-lexposicio-per-que-dissidents\/\" title=\"Read VISITA A L\u2019EXPOSICI\u00d3: PER QU\u00c8? DISSIDENTS\">Llegeix m\u00e9s\u00bb<\/a><\/p>\n","protected":false},"author":1,"featured_media":3814,"comment_status":"open","ping_status":"closed","sticky":false,"template":"","format":"standard","meta":{"_bbp_topic_count":0,"_bbp_reply_count":0,"_bbp_total_topic_count":0,"_bbp_total_reply_count":0,"_bbp_voice_count":0,"_bbp_anonymous_reply_count":0,"_bbp_topic_count_hidden":0,"_bbp_reply_count_hidden":0,"_bbp_forum_subforum_count":0,"footnotes":""},"categories":[15,4,5],"tags":[],"class_list":["post-3813","post","type-post","status-publish","format-standard","has-post-thumbnail","hentry","category-6e","category-portada","category-primaria"],"post_mailing_queue_ids":[],"_links":{"self":[{"href":"https:\/\/agora.xtec.cat\/escola-solivent\/wp-json\/wp\/v2\/posts\/3813","targetHints":{"allow":["GET"]}}],"collection":[{"href":"https:\/\/agora.xtec.cat\/escola-solivent\/wp-json\/wp\/v2\/posts"}],"about":[{"href":"https:\/\/agora.xtec.cat\/escola-solivent\/wp-json\/wp\/v2\/types\/post"}],"author":[{"embeddable":true,"href":"https:\/\/agora.xtec.cat\/escola-solivent\/wp-json\/wp\/v2\/users\/1"}],"replies":[{"embeddable":true,"href":"https:\/\/agora.xtec.cat\/escola-solivent\/wp-json\/wp\/v2\/comments?post=3813"}],"version-history":[{"count":1,"href":"https:\/\/agora.xtec.cat\/escola-solivent\/wp-json\/wp\/v2\/posts\/3813\/revisions"}],"predecessor-version":[{"id":3815,"href":"https:\/\/agora.xtec.cat\/escola-solivent\/wp-json\/wp\/v2\/posts\/3813\/revisions\/3815"}],"wp:featuredmedia":[{"embeddable":true,"href":"https:\/\/agora.xtec.cat\/escola-solivent\/wp-json\/wp\/v2\/media\/3814"}],"wp:attachment":[{"href":"https:\/\/agora.xtec.cat\/escola-solivent\/wp-json\/wp\/v2\/media?parent=3813"}],"wp:term":[{"taxonomy":"category","embeddable":true,"href":"https:\/\/agora.xtec.cat\/escola-solivent\/wp-json\/wp\/v2\/categories?post=3813"},{"taxonomy":"post_tag","embeddable":true,"href":"https:\/\/agora.xtec.cat\/escola-solivent\/wp-json\/wp\/v2\/tags?post=3813"}],"curies":[{"name":"wp","href":"https:\/\/api.w.org\/{rel}","templated":true}]}}