{"id":3793,"date":"2022-11-20T14:21:43","date_gmt":"2022-11-20T13:21:43","guid":{"rendered":"https:\/\/agora.xtec.cat\/escola-solivent\/?p=3793"},"modified":"2022-11-20T14:28:45","modified_gmt":"2022-11-20T13:28:45","slug":"a-cicle-superior-fem-percussio","status":"publish","type":"post","link":"https:\/\/agora.xtec.cat\/escola-solivent\/general\/a-cicle-superior-fem-percussio\/","title":{"rendered":"A CICLE SUPERIOR FEM PERCUSSI\u00d3"},"content":{"rendered":"<p>&nbsp;<\/p>\n<p><span style=\"font-weight: 400;\">A l\u2019hora de m\u00fasica els alumnes de cinqu\u00e8 hem acompanyat amb percussi\u00f3 corporal un fragment de la m\u00fasica de l\u2019Obertura de Guillem Tell del compositor Gioachino Rossini. Amb aquesta activitat hem practicat la lectura de figures r\u00edtmiques i entre tots hem pogut descobrir l\u2019estructura del fragment musical. Ens ho hem passat molt b\u00e9! Tot seguit podeu veure el v\u00eddeo:<\/span><\/p>\n<p>&nbsp;<\/p>\n<p><a href=\"https:\/\/drive.google.com\/file\/d\/1a7dVxyFqy-dLUQf9b2g7G9_66M39HiYN\/view?usp=share_link\"><span style=\"font-weight: 400;\">V\u00eddeo percussi\u00f3 corporal 5\u00e8<\/span><\/a><\/p>\n<p>&nbsp;<\/p>\n<p><span style=\"font-weight: 400;\">Els alumnes de sis\u00e8 tamb\u00e9 hem fet un acompanyament amb percussi\u00f3 corporal. Hem utilitzat un fragment de la Petita Serenata Nocturna de Wolfgang Amadeus Mozart. Ens ha agradat molt fer aquesta activitat. Hem practicat la lectura de figures r\u00edtmiques\u00a0 i entre tots hem descobert l\u2019estructura del fragment\u00a0 musical. Seguidament podeu veure el v\u00eddeo:<\/span><\/p>\n<p>&nbsp;<\/p>\n<p><a href=\"https:\/\/drive.google.com\/file\/d\/1aCxt8tpmhadBhrbe8oJIRBo8_bQlWtbA\/view?usp=share_link\"><span style=\"font-weight: 400;\">V\u00eddeo percussi\u00f3 corporal 6\u00e8<\/span><\/a><\/p>\n","protected":false},"excerpt":{"rendered":"<p>&nbsp;<br \/>\nA l\u2019hora de m\u00fasica els alumnes de cinqu\u00e8 hem acompanyat amb percussi\u00f3 corporal un fragment de la m\u00fasica de l\u2019Obertura de Guillem Tell del compositor Gioachino Rossini. Amb aquesta activitat hem practicat la lectura de figures r\u00edtmiques i entre tots hem pogut descobrir l\u2019estructura del&hellip;  <a href=\"https:\/\/agora.xtec.cat\/escola-solivent\/general\/a-cicle-superior-fem-percussio\/\" title=\"Read A CICLE SUPERIOR FEM PERCUSSI\u00d3\">Llegeix m\u00e9s\u00bb<\/a><\/p>\n","protected":false},"author":1,"featured_media":0,"comment_status":"open","ping_status":"closed","sticky":false,"template":"","format":"standard","meta":{"_bbp_topic_count":0,"_bbp_reply_count":0,"_bbp_total_topic_count":0,"_bbp_total_reply_count":0,"_bbp_voice_count":0,"_bbp_anonymous_reply_count":0,"_bbp_topic_count_hidden":0,"_bbp_reply_count_hidden":0,"_bbp_forum_subforum_count":0,"footnotes":""},"categories":[14,15,1,4,5],"tags":[76],"class_list":["post-3793","post","type-post","status-publish","format-standard","hentry","category-5e","category-6e","category-general","category-portada","category-primaria","tag-musica"],"post_mailing_queue_ids":[],"_links":{"self":[{"href":"https:\/\/agora.xtec.cat\/escola-solivent\/wp-json\/wp\/v2\/posts\/3793","targetHints":{"allow":["GET"]}}],"collection":[{"href":"https:\/\/agora.xtec.cat\/escola-solivent\/wp-json\/wp\/v2\/posts"}],"about":[{"href":"https:\/\/agora.xtec.cat\/escola-solivent\/wp-json\/wp\/v2\/types\/post"}],"author":[{"embeddable":true,"href":"https:\/\/agora.xtec.cat\/escola-solivent\/wp-json\/wp\/v2\/users\/1"}],"replies":[{"embeddable":true,"href":"https:\/\/agora.xtec.cat\/escola-solivent\/wp-json\/wp\/v2\/comments?post=3793"}],"version-history":[{"count":2,"href":"https:\/\/agora.xtec.cat\/escola-solivent\/wp-json\/wp\/v2\/posts\/3793\/revisions"}],"predecessor-version":[{"id":3795,"href":"https:\/\/agora.xtec.cat\/escola-solivent\/wp-json\/wp\/v2\/posts\/3793\/revisions\/3795"}],"wp:attachment":[{"href":"https:\/\/agora.xtec.cat\/escola-solivent\/wp-json\/wp\/v2\/media?parent=3793"}],"wp:term":[{"taxonomy":"category","embeddable":true,"href":"https:\/\/agora.xtec.cat\/escola-solivent\/wp-json\/wp\/v2\/categories?post=3793"},{"taxonomy":"post_tag","embeddable":true,"href":"https:\/\/agora.xtec.cat\/escola-solivent\/wp-json\/wp\/v2\/tags?post=3793"}],"curies":[{"name":"wp","href":"https:\/\/api.w.org\/{rel}","templated":true}]}}