{"id":3780,"date":"2022-11-11T16:14:39","date_gmt":"2022-11-11T15:14:39","guid":{"rendered":"https:\/\/agora.xtec.cat\/escola-solivent\/?p=3780"},"modified":"2022-11-11T16:14:39","modified_gmt":"2022-11-11T15:14:39","slug":"sortida-dentorn-de-6e-al-40e-aniversari-de-radio-vilafant","status":"publish","type":"post","link":"https:\/\/agora.xtec.cat\/escola-solivent\/general\/sortida-dentorn-de-6e-al-40e-aniversari-de-radio-vilafant\/","title":{"rendered":"SORTIDA D&#8217;ENTORN DE 6\u00e8 AL 40\u00e8 ANIVERSARI de R\u00e0dio Vilafant"},"content":{"rendered":"<p><span style=\"font-weight: 400;\">La classe de sis\u00e8 de l&#8217;escola Sol i Vent ha assistit al programa, en directe, on R\u00e0dio Vilafant ha\u00a0 celebrat el 40\u00e8 aniversari.<\/span><\/p>\n<p><span style=\"font-weight: 400;\">Han gaudit al veure realment com es fa una programaci\u00f3 en directe i des de dins!\u00a0<\/span><\/p>\n<p><span style=\"font-weight: 400;\">Tamb\u00e9 han fet de col\u00b7laboradors i col\u00b7laboradores tot participant i entrevistant als convidats.<\/span><\/p>\n<p><span style=\"font-weight: 400;\">I per acabar, han viscut l&#8217;entrevista que els alumnes de l&#8217;institut han realitzat a diferents persones.\u00a0<\/span><\/p>\n<p><span style=\"font-weight: 400;\">Ha estat una experi\u00e8ncia molt maca i estem contents d&#8217;haver-ne format part!\u00a0<\/span><\/p>\n<p><span style=\"font-weight: 400;\">Seguim sumant aprenentatges i experi\u00e8ncies junts!\u00a0<\/span><\/p>\n<p><span style=\"font-weight: 400;\">Gr\u00e0cies a tots els que feu possible R\u00e0dio Vilafant i gr\u00e0cies per convidar-nos! Per molts anys m\u00e9s!<\/span><\/p>\n<p><a href=\"https:\/\/drive.google.com\/file\/d\/1tIYEXUtifhge9jMpw6TEf_PNdqmojZqb\/view?usp=share_link\">MIREU EL V\u00cdDEO!\u00a0<\/a><\/p>\n","protected":false},"excerpt":{"rendered":"<p>La classe de sis\u00e8 de l&#8217;escola Sol i Vent ha assistit al programa, en directe, on R\u00e0dio Vilafant ha\u00a0 celebrat el 40\u00e8 aniversari.<br \/>\nHan gaudit al veure realment com es fa una programaci\u00f3 en directe i des de dins!\u00a0<br \/>\nTamb\u00e9 han fet de col\u00b7laboradors i col\u00b7laboradores tot&hellip;  <a href=\"https:\/\/agora.xtec.cat\/escola-solivent\/general\/sortida-dentorn-de-6e-al-40e-aniversari-de-radio-vilafant\/\" title=\"Read SORTIDA D&#8217;ENTORN DE 6\u00e8 AL 40\u00e8 ANIVERSARI de R\u00e0dio Vilafant\">Llegeix m\u00e9s\u00bb<\/a><\/p>\n","protected":false},"author":1,"featured_media":3781,"comment_status":"open","ping_status":"closed","sticky":false,"template":"","format":"standard","meta":{"_bbp_topic_count":0,"_bbp_reply_count":0,"_bbp_total_topic_count":0,"_bbp_total_reply_count":0,"_bbp_voice_count":0,"_bbp_anonymous_reply_count":0,"_bbp_topic_count_hidden":0,"_bbp_reply_count_hidden":0,"_bbp_forum_subforum_count":0,"footnotes":""},"categories":[15,1,4,5],"tags":[87,160,120,153,161],"class_list":["post-3780","post","type-post","status-publish","format-standard","has-post-thumbnail","hentry","category-6e","category-general","category-portada","category-primaria","tag-entorn","tag-poble","tag-radio","tag-sortida","tag-vilafant"],"post_mailing_queue_ids":[],"_links":{"self":[{"href":"https:\/\/agora.xtec.cat\/escola-solivent\/wp-json\/wp\/v2\/posts\/3780","targetHints":{"allow":["GET"]}}],"collection":[{"href":"https:\/\/agora.xtec.cat\/escola-solivent\/wp-json\/wp\/v2\/posts"}],"about":[{"href":"https:\/\/agora.xtec.cat\/escola-solivent\/wp-json\/wp\/v2\/types\/post"}],"author":[{"embeddable":true,"href":"https:\/\/agora.xtec.cat\/escola-solivent\/wp-json\/wp\/v2\/users\/1"}],"replies":[{"embeddable":true,"href":"https:\/\/agora.xtec.cat\/escola-solivent\/wp-json\/wp\/v2\/comments?post=3780"}],"version-history":[{"count":1,"href":"https:\/\/agora.xtec.cat\/escola-solivent\/wp-json\/wp\/v2\/posts\/3780\/revisions"}],"predecessor-version":[{"id":3782,"href":"https:\/\/agora.xtec.cat\/escola-solivent\/wp-json\/wp\/v2\/posts\/3780\/revisions\/3782"}],"wp:featuredmedia":[{"embeddable":true,"href":"https:\/\/agora.xtec.cat\/escola-solivent\/wp-json\/wp\/v2\/media\/3781"}],"wp:attachment":[{"href":"https:\/\/agora.xtec.cat\/escola-solivent\/wp-json\/wp\/v2\/media?parent=3780"}],"wp:term":[{"taxonomy":"category","embeddable":true,"href":"https:\/\/agora.xtec.cat\/escola-solivent\/wp-json\/wp\/v2\/categories?post=3780"},{"taxonomy":"post_tag","embeddable":true,"href":"https:\/\/agora.xtec.cat\/escola-solivent\/wp-json\/wp\/v2\/tags?post=3780"}],"curies":[{"name":"wp","href":"https:\/\/api.w.org\/{rel}","templated":true}]}}