{"id":3762,"date":"2022-10-28T12:58:46","date_gmt":"2022-10-28T10:58:46","guid":{"rendered":"https:\/\/agora.xtec.cat\/escola-solivent\/?p=3762"},"modified":"2022-10-28T19:11:24","modified_gmt":"2022-10-28T17:11:24","slug":"projecte-qui-es-en-cebria","status":"publish","type":"post","link":"https:\/\/agora.xtec.cat\/escola-solivent\/portada\/projecte-qui-es-en-cebria\/","title":{"rendered":"PROJECTE: QUI \u00c9S EN CEBRI\u00c0?"},"content":{"rendered":"<p>A partir de la festa major del poble i la pregunta de &#8220;Qui \u00e9s en Cebri\u00e0?&#8221;,\u00a0 els alumnes de tercer han anat descobrint tots els secrets\u00a0 del municipi de Vilafant. Ho han fet a trav\u00e9s del treball del mapa, la recta num\u00e8rica dels fets hist\u00f2rics m\u00e9s destacats, el descobriment del miler, les lectures de documents escrits del poble, l&#8217;estudi de l&#8217;escut, la visita guiada pel poble i la visita a l&#8217;ajuntament amb l&#8217;entrevista a l&#8217;alcaldessa. Tot un seguit d&#8217;activitats que han ajudat a l&#8217;alumant a entendre millor el seu entorn i per tant a estimar-lo i a respectar-lo m\u00e9s.<\/p>\n<p><a href=\"https:\/\/drive.google.com\/file\/d\/1cGqWC24NYK_h8K4X-9hhsTcNNGj20lzN\/view?usp=sharing\">Mira el VIDEO<\/a><\/p>\n","protected":false},"excerpt":{"rendered":"<p>A partir de la festa major del poble i la pregunta de &#8220;Qui \u00e9s en Cebri\u00e0?&#8221;,\u00a0 els alumnes de tercer han anat descobrint tots els secrets\u00a0 del municipi de Vilafant. Ho han fet a trav\u00e9s del treball del mapa, la recta num\u00e8rica dels fets hist\u00f2rics&hellip;  <a href=\"https:\/\/agora.xtec.cat\/escola-solivent\/portada\/projecte-qui-es-en-cebria\/\" title=\"Read PROJECTE: QUI \u00c9S EN CEBRI\u00c0?\">Llegeix m\u00e9s\u00bb<\/a><\/p>\n","protected":false},"author":1,"featured_media":3768,"comment_status":"open","ping_status":"closed","sticky":false,"template":"","format":"standard","meta":{"_bbp_topic_count":0,"_bbp_reply_count":0,"_bbp_total_topic_count":0,"_bbp_total_reply_count":0,"_bbp_voice_count":0,"_bbp_anonymous_reply_count":0,"_bbp_topic_count_hidden":0,"_bbp_reply_count_hidden":0,"_bbp_forum_subforum_count":0,"footnotes":""},"categories":[12,4,5],"tags":[89,87,122,74,97,66],"class_list":["post-3762","post","type-post","status-publish","format-standard","has-post-thumbnail","hentry","category-3r","category-portada","category-primaria","tag-descoberta","tag-entorn","tag-llengua","tag-matematiques","tag-medi","tag-projectes"],"post_mailing_queue_ids":[],"_links":{"self":[{"href":"https:\/\/agora.xtec.cat\/escola-solivent\/wp-json\/wp\/v2\/posts\/3762","targetHints":{"allow":["GET"]}}],"collection":[{"href":"https:\/\/agora.xtec.cat\/escola-solivent\/wp-json\/wp\/v2\/posts"}],"about":[{"href":"https:\/\/agora.xtec.cat\/escola-solivent\/wp-json\/wp\/v2\/types\/post"}],"author":[{"embeddable":true,"href":"https:\/\/agora.xtec.cat\/escola-solivent\/wp-json\/wp\/v2\/users\/1"}],"replies":[{"embeddable":true,"href":"https:\/\/agora.xtec.cat\/escola-solivent\/wp-json\/wp\/v2\/comments?post=3762"}],"version-history":[{"count":1,"href":"https:\/\/agora.xtec.cat\/escola-solivent\/wp-json\/wp\/v2\/posts\/3762\/revisions"}],"predecessor-version":[{"id":3763,"href":"https:\/\/agora.xtec.cat\/escola-solivent\/wp-json\/wp\/v2\/posts\/3762\/revisions\/3763"}],"wp:featuredmedia":[{"embeddable":true,"href":"https:\/\/agora.xtec.cat\/escola-solivent\/wp-json\/wp\/v2\/media\/3768"}],"wp:attachment":[{"href":"https:\/\/agora.xtec.cat\/escola-solivent\/wp-json\/wp\/v2\/media?parent=3762"}],"wp:term":[{"taxonomy":"category","embeddable":true,"href":"https:\/\/agora.xtec.cat\/escola-solivent\/wp-json\/wp\/v2\/categories?post=3762"},{"taxonomy":"post_tag","embeddable":true,"href":"https:\/\/agora.xtec.cat\/escola-solivent\/wp-json\/wp\/v2\/tags?post=3762"}],"curies":[{"name":"wp","href":"https:\/\/api.w.org\/{rel}","templated":true}]}}