{"id":3691,"date":"2022-09-21T18:21:15","date_gmt":"2022-09-21T16:21:15","guid":{"rendered":"https:\/\/agora.xtec.cat\/escola-solivent\/?p=3691"},"modified":"2022-09-29T14:26:53","modified_gmt":"2022-09-29T12:26:53","slug":"comencem-a-construir-un-nou-curs","status":"publish","type":"post","link":"https:\/\/agora.xtec.cat\/escola-solivent\/portada\/comencem-a-construir-un-nou-curs\/","title":{"rendered":"COMENCEM A CONSTRUIR UN NOU CURS"},"content":{"rendered":"<p><span style=\"font-weight: 400;\">A cicle mitj\u00e0 hem passat els primers dies construint els espais que utilizarem durant el curs. Han estat uns dies de conviv\u00e8ncia i de posada en marxa en organitzaci\u00f3 tan d&#8217;espais comuns com d\u2019organitzaci\u00f3 de material individual.<\/span><\/p>\n<p><span style=\"font-weight: 400;\">Mica en mica hem engegat aquest 2022\/2023 amb moltes ganes i il\u00b7lusi\u00f3!<\/span><\/p>\n<p>Voleu veure el v\u00eddeo? <a href=\"https:\/\/drive.google.com\/file\/d\/1GncNFyCv7YLcfJpVWZXYLm0wzeymofxh\/view?usp=sharing\">Clica aqu\u00ed<\/a><\/p>\n<p><a href=\"https:\/\/agora.xtec.cat\/escola-solivent\/wp-content\/uploads\/usu1558\/2022\/09\/Captura-de-pantalla-2022-09-20-a-les-17.18.20.png\"><img loading=\"lazy\" decoding=\"async\" class=\"aligncenter size-medium wp-image-3692\" src=\"https:\/\/agora.xtec.cat\/escola-solivent\/wp-content\/uploads\/usu1558\/2022\/09\/Captura-de-pantalla-2022-09-20-a-les-17.18.20-300x215.png\" alt=\"\" width=\"300\" height=\"215\" srcset=\"https:\/\/agora.xtec.cat\/escola-solivent\/wp-content\/uploads\/usu1558\/2022\/09\/Captura-de-pantalla-2022-09-20-a-les-17.18.20-300x215.png 300w, https:\/\/agora.xtec.cat\/escola-solivent\/wp-content\/uploads\/usu1558\/2022\/09\/Captura-de-pantalla-2022-09-20-a-les-17.18.20.png 486w\" sizes=\"auto, (max-width: 300px) 100vw, 300px\" \/><\/a><\/p>\n","protected":false},"excerpt":{"rendered":"<p>A cicle mitj\u00e0 hem passat els primers dies construint els espais que utilizarem durant el curs. Han estat uns dies de conviv\u00e8ncia i de posada en marxa en organitzaci\u00f3 tan d&#8217;espais comuns com d\u2019organitzaci\u00f3 de material individual.<br \/>\nMica en mica hem engegat aquest 2022\/2023 amb moltes&hellip;  <a href=\"https:\/\/agora.xtec.cat\/escola-solivent\/portada\/comencem-a-construir-un-nou-curs\/\" title=\"Read COMENCEM A CONSTRUIR UN NOU CURS\">Llegeix m\u00e9s\u00bb<\/a><\/p>\n","protected":false},"author":1,"featured_media":3692,"comment_status":"open","ping_status":"closed","sticky":false,"template":"","format":"standard","meta":{"_bbp_topic_count":0,"_bbp_reply_count":0,"_bbp_total_topic_count":0,"_bbp_total_reply_count":0,"_bbp_voice_count":0,"_bbp_anonymous_reply_count":0,"_bbp_topic_count_hidden":0,"_bbp_reply_count_hidden":0,"_bbp_forum_subforum_count":0,"footnotes":""},"categories":[12,13,4,5],"tags":[201,198,200],"class_list":["post-3691","post","type-post","status-publish","format-standard","has-post-thumbnail","hentry","category-3r","category-4t","category-portada","category-primaria","tag-primers-dies","tag-setembre","tag-treball-cooperatiu"],"post_mailing_queue_ids":[],"_links":{"self":[{"href":"https:\/\/agora.xtec.cat\/escola-solivent\/wp-json\/wp\/v2\/posts\/3691","targetHints":{"allow":["GET"]}}],"collection":[{"href":"https:\/\/agora.xtec.cat\/escola-solivent\/wp-json\/wp\/v2\/posts"}],"about":[{"href":"https:\/\/agora.xtec.cat\/escola-solivent\/wp-json\/wp\/v2\/types\/post"}],"author":[{"embeddable":true,"href":"https:\/\/agora.xtec.cat\/escola-solivent\/wp-json\/wp\/v2\/users\/1"}],"replies":[{"embeddable":true,"href":"https:\/\/agora.xtec.cat\/escola-solivent\/wp-json\/wp\/v2\/comments?post=3691"}],"version-history":[{"count":2,"href":"https:\/\/agora.xtec.cat\/escola-solivent\/wp-json\/wp\/v2\/posts\/3691\/revisions"}],"predecessor-version":[{"id":3694,"href":"https:\/\/agora.xtec.cat\/escola-solivent\/wp-json\/wp\/v2\/posts\/3691\/revisions\/3694"}],"wp:featuredmedia":[{"embeddable":true,"href":"https:\/\/agora.xtec.cat\/escola-solivent\/wp-json\/wp\/v2\/media\/3692"}],"wp:attachment":[{"href":"https:\/\/agora.xtec.cat\/escola-solivent\/wp-json\/wp\/v2\/media?parent=3691"}],"wp:term":[{"taxonomy":"category","embeddable":true,"href":"https:\/\/agora.xtec.cat\/escola-solivent\/wp-json\/wp\/v2\/categories?post=3691"},{"taxonomy":"post_tag","embeddable":true,"href":"https:\/\/agora.xtec.cat\/escola-solivent\/wp-json\/wp\/v2\/tags?post=3691"}],"curies":[{"name":"wp","href":"https:\/\/api.w.org\/{rel}","templated":true}]}}