{"id":3688,"date":"2022-09-20T17:14:15","date_gmt":"2022-09-20T15:14:15","guid":{"rendered":"https:\/\/agora.xtec.cat\/escola-solivent\/?p=3688"},"modified":"2022-09-20T17:14:15","modified_gmt":"2022-09-20T15:14:15","slug":"primers-dies-a-cicle-inicial","status":"publish","type":"post","link":"https:\/\/agora.xtec.cat\/escola-solivent\/general\/primers-dies-a-cicle-inicial\/","title":{"rendered":"PRIMERS DIES A CICLE INICIAL"},"content":{"rendered":"<p><span style=\"font-weight: 400;\">Hola fam\u00edlies, ve\u00efns, ve\u00efnes, amics i amigues,<\/span><\/p>\n<p><span style=\"font-weight: 400;\">\u00a0<\/span><span style=\"font-weight: 400;\">Com esteu? Esperem que molt b\u00e9 i que la tornada a l\u2019escola us estigui anant tant b\u00e9 com a nosaltres.<\/span><\/p>\n<p><span style=\"font-weight: 400;\">Els nens i les nenes de cicle inicial portem uns dies que no parem. Aix\u00f2 de fer primer i segon, \u00e9s tota una responsabilitat i ens encanta!<\/span><\/p>\n<p><span style=\"font-weight: 400;\">Hem estat posant a punt les aules, hem desempaquetat totes les caixes que vam deixar a punt pel curs passat, ens hem preparat el nostre material diari per les rutines, hem muntat el rac\u00f3 de llengua, hem fet la porta, hem descobert el lema que ens acompanyar\u00e0 tot el curs i fins i tot, hem tingut temps de sortir fora de l\u2019escola a fer una jornada de conviv\u00e8ncia, de la qual us n\u2019adjuntem una fotografia i m\u00e9s endavant, us en farem arribar d\u2019altres.<\/span><\/p>\n<p><span style=\"font-weight: 400;\">Els de primer hem de dir que encara ens estem adaptant, per\u00f2 tenim la gran sort que els de segon ens ho estan posant molt f\u00e0cil, perqu\u00e8 aquest any no nom\u00e9s els tindrem de ve\u00efns sin\u00f3 que amb els projectes i racons hem descobert que treballarem molt junts fent un gran grup de cicle inicial.<\/span><\/p>\n<p><span style=\"font-weight: 400;\">A veure qu\u00e8 ens deparen les seg\u00fcents setmanes, us anirem informant!<\/span><\/p>\n<p><span style=\"font-weight: 400;\">Ai, us vol\u00edem deixar aquesta frase tant bonica per reflexionar:<\/span><\/p>\n<p><span style=\"font-weight: 400;\">Que som m\u00e9s el que fem que el que diem, som m\u00e9s el que decidim que el que pensem, som quan actuem i no quan reflexionem. Que l\u2019educaci\u00f3 \u00e9s l\u2019art i l\u2019ofici sublim d\u2019aprendre\u2019n mentre s\u2019ensenya i d\u2019ensenyar-ne mentre s\u2019apr\u00e8n.<\/span><\/p>\n<p><span style=\"font-weight: 400;\"><a href=\"https:\/\/agora.xtec.cat\/escola-solivent\/wp-content\/uploads\/usu1558\/2022\/09\/Captura-de-pantalla-2022-09-20-a-les-17.13.25.png\"><img loading=\"lazy\" decoding=\"async\" class=\"aligncenter size-medium wp-image-3689\" src=\"https:\/\/agora.xtec.cat\/escola-solivent\/wp-content\/uploads\/usu1558\/2022\/09\/Captura-de-pantalla-2022-09-20-a-les-17.13.25-219x300.png\" alt=\"\" width=\"219\" height=\"300\" srcset=\"https:\/\/agora.xtec.cat\/escola-solivent\/wp-content\/uploads\/usu1558\/2022\/09\/Captura-de-pantalla-2022-09-20-a-les-17.13.25-219x300.png 219w, https:\/\/agora.xtec.cat\/escola-solivent\/wp-content\/uploads\/usu1558\/2022\/09\/Captura-de-pantalla-2022-09-20-a-les-17.13.25.png 312w\" sizes=\"auto, (max-width: 219px) 100vw, 219px\" \/><\/a>Carles Capdevila (1965-2017)<\/span><\/p>\n<p><span style=\"font-weight: 400;\">\u00a0<\/span><\/p>\n<p>&nbsp;<\/p>\n<p><span style=\"font-weight: 400;\">Una abra\u00e7ada,<\/span><\/p>\n<p><span style=\"font-weight: 400;\">\u00a0<\/span><\/p>\n<p><span style=\"font-weight: 400;\">Cicle Inicial<\/span><\/p>\n","protected":false},"excerpt":{"rendered":"<p>Hola fam\u00edlies, ve\u00efns, ve\u00efnes, amics i amigues,<br \/>\n\u00a0Com esteu? Esperem que molt b\u00e9 i que la tornada a l\u2019escola us estigui anant tant b\u00e9 com a nosaltres.<br \/>\nEls nens i les nenes de cicle inicial portem uns dies que no parem. Aix\u00f2 de fer primer i segon,&hellip;  <a href=\"https:\/\/agora.xtec.cat\/escola-solivent\/general\/primers-dies-a-cicle-inicial\/\" title=\"Read PRIMERS DIES A CICLE INICIAL\">Llegeix m\u00e9s\u00bb<\/a><\/p>\n","protected":false},"author":1,"featured_media":3689,"comment_status":"open","ping_status":"closed","sticky":false,"template":"","format":"standard","meta":{"_bbp_topic_count":0,"_bbp_reply_count":0,"_bbp_total_topic_count":0,"_bbp_total_reply_count":0,"_bbp_voice_count":0,"_bbp_anonymous_reply_count":0,"_bbp_topic_count_hidden":0,"_bbp_reply_count_hidden":0,"_bbp_forum_subforum_count":0,"footnotes":""},"categories":[10,11,1,4,5],"tags":[100,198],"class_list":["post-3688","post","type-post","status-publish","format-standard","has-post-thumbnail","hentry","category-1r","category-2n","category-general","category-portada","category-primaria","tag-inici-de-curs","tag-setembre"],"post_mailing_queue_ids":[],"_links":{"self":[{"href":"https:\/\/agora.xtec.cat\/escola-solivent\/wp-json\/wp\/v2\/posts\/3688","targetHints":{"allow":["GET"]}}],"collection":[{"href":"https:\/\/agora.xtec.cat\/escola-solivent\/wp-json\/wp\/v2\/posts"}],"about":[{"href":"https:\/\/agora.xtec.cat\/escola-solivent\/wp-json\/wp\/v2\/types\/post"}],"author":[{"embeddable":true,"href":"https:\/\/agora.xtec.cat\/escola-solivent\/wp-json\/wp\/v2\/users\/1"}],"replies":[{"embeddable":true,"href":"https:\/\/agora.xtec.cat\/escola-solivent\/wp-json\/wp\/v2\/comments?post=3688"}],"version-history":[{"count":1,"href":"https:\/\/agora.xtec.cat\/escola-solivent\/wp-json\/wp\/v2\/posts\/3688\/revisions"}],"predecessor-version":[{"id":3690,"href":"https:\/\/agora.xtec.cat\/escola-solivent\/wp-json\/wp\/v2\/posts\/3688\/revisions\/3690"}],"wp:featuredmedia":[{"embeddable":true,"href":"https:\/\/agora.xtec.cat\/escola-solivent\/wp-json\/wp\/v2\/media\/3689"}],"wp:attachment":[{"href":"https:\/\/agora.xtec.cat\/escola-solivent\/wp-json\/wp\/v2\/media?parent=3688"}],"wp:term":[{"taxonomy":"category","embeddable":true,"href":"https:\/\/agora.xtec.cat\/escola-solivent\/wp-json\/wp\/v2\/categories?post=3688"},{"taxonomy":"post_tag","embeddable":true,"href":"https:\/\/agora.xtec.cat\/escola-solivent\/wp-json\/wp\/v2\/tags?post=3688"}],"curies":[{"name":"wp","href":"https:\/\/api.w.org\/{rel}","templated":true}]}}