{"id":3635,"date":"2022-06-19T12:14:04","date_gmt":"2022-06-19T10:14:04","guid":{"rendered":"https:\/\/agora.xtec.cat\/escola-solivent\/?p=3635"},"modified":"2022-06-19T12:14:04","modified_gmt":"2022-06-19T10:14:04","slug":"anem-al-camp-de-futbol","status":"publish","type":"post","link":"https:\/\/agora.xtec.cat\/escola-solivent\/portada\/anem-al-camp-de-futbol\/","title":{"rendered":"ANEM AL CAMP DE FUTBOL!"},"content":{"rendered":"<p><span style=\"font-weight: 400;\">Aquest divendres 10 de juny, l&#8217;alumnat i les mestres de cicle mitj\u00e0 i cicle superior de l&#8217;escola Sol i Vent, hem celebrat el torneig de futbol al camp de Vilafant! Tan esperat per tots i totes!\u00a0<\/span><\/p>\n<p><span style=\"font-weight: 400;\">Fins i tots ens han visitat els companys i companyes de cicles inicial a l&#8217;hora d&#8217;esmorzar!\u00a0<\/span><\/p>\n<p><span style=\"font-weight: 400;\">Ha estat un gran dia on han gaudit i han participat de la millor manera!<\/span><\/p>\n<p><span style=\"font-weight: 400;\">Nom\u00e9s falta felicitar-vos a tots els participants de part de\u00a0 les mestres! Ho heu fet molt f\u00e0cil! Gr\u00e0cies i fins el pr\u00f2xim torneig!<\/span><\/p>\n<p>Cliqueu aqu\u00ed per veure el <a href=\"https:\/\/drive.google.com\/file\/d\/14MbS7fh3Ig12sJvmm9H5yww5Hb0XZtQu\/view?usp=sharing\">v\u00eddeo<\/a>.<\/p>\n","protected":false},"excerpt":{"rendered":"<p>Aquest divendres 10 de juny, l&#8217;alumnat i les mestres de cicle mitj\u00e0 i cicle superior de l&#8217;escola Sol i Vent, hem celebrat el torneig de futbol al camp de Vilafant! Tan esperat per tots i totes!\u00a0<br \/>\nFins i tots ens han visitat els companys i companyes&hellip;  <a href=\"https:\/\/agora.xtec.cat\/escola-solivent\/portada\/anem-al-camp-de-futbol\/\" title=\"Read ANEM AL CAMP DE FUTBOL!\">Llegeix m\u00e9s\u00bb<\/a><\/p>\n","protected":false},"author":1,"featured_media":0,"comment_status":"open","ping_status":"closed","sticky":false,"template":"","format":"standard","meta":{"_bbp_topic_count":0,"_bbp_reply_count":0,"_bbp_total_topic_count":0,"_bbp_total_reply_count":0,"_bbp_voice_count":0,"_bbp_anonymous_reply_count":0,"_bbp_topic_count_hidden":0,"_bbp_reply_count_hidden":0,"_bbp_forum_subforum_count":0,"footnotes":""},"categories":[12,13,14,15,4,5],"tags":[64,192],"class_list":["post-3635","post","type-post","status-publish","format-standard","hentry","category-3r","category-4t","category-5e","category-6e","category-portada","category-primaria","tag-educacio-fisica","tag-torneig"],"post_mailing_queue_ids":[],"_links":{"self":[{"href":"https:\/\/agora.xtec.cat\/escola-solivent\/wp-json\/wp\/v2\/posts\/3635","targetHints":{"allow":["GET"]}}],"collection":[{"href":"https:\/\/agora.xtec.cat\/escola-solivent\/wp-json\/wp\/v2\/posts"}],"about":[{"href":"https:\/\/agora.xtec.cat\/escola-solivent\/wp-json\/wp\/v2\/types\/post"}],"author":[{"embeddable":true,"href":"https:\/\/agora.xtec.cat\/escola-solivent\/wp-json\/wp\/v2\/users\/1"}],"replies":[{"embeddable":true,"href":"https:\/\/agora.xtec.cat\/escola-solivent\/wp-json\/wp\/v2\/comments?post=3635"}],"version-history":[{"count":1,"href":"https:\/\/agora.xtec.cat\/escola-solivent\/wp-json\/wp\/v2\/posts\/3635\/revisions"}],"predecessor-version":[{"id":3636,"href":"https:\/\/agora.xtec.cat\/escola-solivent\/wp-json\/wp\/v2\/posts\/3635\/revisions\/3636"}],"wp:attachment":[{"href":"https:\/\/agora.xtec.cat\/escola-solivent\/wp-json\/wp\/v2\/media?parent=3635"}],"wp:term":[{"taxonomy":"category","embeddable":true,"href":"https:\/\/agora.xtec.cat\/escola-solivent\/wp-json\/wp\/v2\/categories?post=3635"},{"taxonomy":"post_tag","embeddable":true,"href":"https:\/\/agora.xtec.cat\/escola-solivent\/wp-json\/wp\/v2\/tags?post=3635"}],"curies":[{"name":"wp","href":"https:\/\/api.w.org\/{rel}","templated":true}]}}