{"id":3593,"date":"2022-05-27T18:59:54","date_gmt":"2022-05-27T16:59:54","guid":{"rendered":"https:\/\/agora.xtec.cat\/escola-solivent\/?p=3593"},"modified":"2022-05-27T18:59:54","modified_gmt":"2022-05-27T16:59:54","slug":"senyora-primavera","status":"publish","type":"post","link":"https:\/\/agora.xtec.cat\/escola-solivent\/infantil\/senyora-primavera\/","title":{"rendered":"SENYORA PRIMAVERA"},"content":{"rendered":"<p><span style=\"font-weight: 400;\">Els alumnes de P3, P4 i P5 v\u00e0rem rebre una visita molt especial a l\u2019hort de l\u2019escola. La senyora Primavera ens va portar un carret\u00f3 amb elements de l\u2019estaci\u00f3 ( papallones, marietes, flors, maduixes,..) fins i tot , ens va portar una mona de pasqua per poder-la tastar tots plegats. V\u00e0rem gaudir una bona estona ballant amb can\u00e7ons de la Primavera.<\/span><\/p>\n<p><span style=\"font-weight: 400;\">Per acabar, ens va deixar al pati de l\u2019escola unes ales molt grans i molt boniques, unes cintes de colors,.. i ens va proposar fer un jard\u00ed al pati utilitzant els palets de la paret. La proposta ens ha agradat molt\u00edssim!!! I gr\u00e0cies a vosaltres tenim un jard\u00ed preci\u00f3s.<\/span><\/p>\n<p><span style=\"font-weight: 400;\">Fins aviat Sra Primavera<\/span><\/p>\n<p>&nbsp;<\/p>\n<p><a href=\"https:\/\/drive.google.com\/file\/d\/1rPfjC2Ru7X_gs7mzwIHTWEL3sfdSC5AG\/view?usp=sharing\">ENLLA\u00c7 V\u00cdDEO<\/a><\/p>\n","protected":false},"excerpt":{"rendered":"<p>Els alumnes de P3, P4 i P5 v\u00e0rem rebre una visita molt especial a l\u2019hort de l\u2019escola. La senyora Primavera ens va portar un carret\u00f3 amb elements de l\u2019estaci\u00f3 ( papallones, marietes, flors, maduixes,..) fins i tot , ens va portar una mona de pasqua&hellip;  <a href=\"https:\/\/agora.xtec.cat\/escola-solivent\/infantil\/senyora-primavera\/\" title=\"Read SENYORA PRIMAVERA\">Llegeix m\u00e9s\u00bb<\/a><\/p>\n","protected":false},"author":1,"featured_media":3594,"comment_status":"open","ping_status":"closed","sticky":false,"template":"","format":"standard","meta":{"_bbp_topic_count":0,"_bbp_reply_count":0,"_bbp_total_topic_count":0,"_bbp_total_reply_count":0,"_bbp_voice_count":0,"_bbp_anonymous_reply_count":0,"_bbp_topic_count_hidden":0,"_bbp_reply_count_hidden":0,"_bbp_forum_subforum_count":0,"footnotes":""},"categories":[2,3,8,9,4],"tags":[87,57,132],"class_list":["post-3593","post","type-post","status-publish","format-standard","has-post-thumbnail","hentry","category-infantil","category-i3","category-i4","category-i5","category-portada","tag-entorn","tag-hort","tag-primavera"],"post_mailing_queue_ids":[],"_links":{"self":[{"href":"https:\/\/agora.xtec.cat\/escola-solivent\/wp-json\/wp\/v2\/posts\/3593","targetHints":{"allow":["GET"]}}],"collection":[{"href":"https:\/\/agora.xtec.cat\/escola-solivent\/wp-json\/wp\/v2\/posts"}],"about":[{"href":"https:\/\/agora.xtec.cat\/escola-solivent\/wp-json\/wp\/v2\/types\/post"}],"author":[{"embeddable":true,"href":"https:\/\/agora.xtec.cat\/escola-solivent\/wp-json\/wp\/v2\/users\/1"}],"replies":[{"embeddable":true,"href":"https:\/\/agora.xtec.cat\/escola-solivent\/wp-json\/wp\/v2\/comments?post=3593"}],"version-history":[{"count":1,"href":"https:\/\/agora.xtec.cat\/escola-solivent\/wp-json\/wp\/v2\/posts\/3593\/revisions"}],"predecessor-version":[{"id":3595,"href":"https:\/\/agora.xtec.cat\/escola-solivent\/wp-json\/wp\/v2\/posts\/3593\/revisions\/3595"}],"wp:featuredmedia":[{"embeddable":true,"href":"https:\/\/agora.xtec.cat\/escola-solivent\/wp-json\/wp\/v2\/media\/3594"}],"wp:attachment":[{"href":"https:\/\/agora.xtec.cat\/escola-solivent\/wp-json\/wp\/v2\/media?parent=3593"}],"wp:term":[{"taxonomy":"category","embeddable":true,"href":"https:\/\/agora.xtec.cat\/escola-solivent\/wp-json\/wp\/v2\/categories?post=3593"},{"taxonomy":"post_tag","embeddable":true,"href":"https:\/\/agora.xtec.cat\/escola-solivent\/wp-json\/wp\/v2\/tags?post=3593"}],"curies":[{"name":"wp","href":"https:\/\/api.w.org\/{rel}","templated":true}]}}