{"id":3516,"date":"2022-03-07T09:05:13","date_gmt":"2022-03-07T08:05:13","guid":{"rendered":"https:\/\/agora.xtec.cat\/escola-solivent\/?p=3516"},"modified":"2022-03-07T09:15:12","modified_gmt":"2022-03-07T08:15:12","slug":"preinscripcio-i-matriculacio-alumnat-nou","status":"publish","type":"post","link":"https:\/\/agora.xtec.cat\/escola-solivent\/general\/preinscripcio-i-matriculacio-alumnat-nou\/","title":{"rendered":"PREINSCRIPCI\u00d3 I MATRICULACI\u00d3 ALUMNAT NOU"},"content":{"rendered":"<div>\n<div class=\"entry-content\">\n<h3 style=\"text-align: center;\"><strong>CALENDARI DE PREINSCRIPCI\u00d3 I MATRICULACI\u00d3 CURS 2022-2023<\/strong><\/h3>\n<p style=\"text-align: center;\"><strong>Dates de la preinscripci\u00f3<\/strong>: del 7 al 21 de mar\u00e7 de 2022<\/p>\n<p style=\"text-align: center;\"><strong>Dates de la matriculaci\u00f3:<\/strong>\u00a0de 20 al 28 de juny de 2022<\/p>\n<\/div>\n<\/div>\n<div><\/div>\n<div><\/div>\n<div style=\"text-align: center;\"><strong>\u00a0La<\/strong>\u00a0<strong>sol\u00b7licitud de preinscripci\u00f3 l\u2019has d\u2019<a href=\"https:\/\/preinscripcio.gencat.cat\/ca\/inici\/\" target=\"_blank\" rel=\"noopener\">emplenar i presentar\u00a0<\/a>ON-LINE.<\/strong><\/div>\n<div><\/div>\n<div><\/div>\n<ul>\n<li style=\"text-align: left;\"><em>Si necessiteu ajuda, podeu venir al centre el dimecres 9 i el divendres 11 de 10h a 16h.<\/em><\/li>\n<\/ul>\n<div><\/div>\n<div><\/div>\n<ul>\n<li style=\"text-align: left;\"><a href=\"https:\/\/preinscripcio.gencat.cat\/web\/.content\/ajuda\/guia-preinscripcio.pdf\">GUIA PREINSCRIPCI\u00d3<\/a><\/li>\n<\/ul>\n<div><\/div>\n<div><\/div>\n<div style=\"text-align: center;\">Aquest v\u00eddeo us ajudar\u00e0 a fer la preinscripci\u00f3 on-line:<\/div>\n<div><\/div>\n<div style=\"text-align: center;\"><iframe loading=\"lazy\" title=\"YouTube video player\" src=\"https:\/\/www.youtube.com\/embed\/5DvAVUSNLCQ\" width=\"560\" height=\"315\" frameborder=\"0\" allowfullscreen=\"allowfullscreen\"><\/iframe><\/div>\n","protected":false},"excerpt":{"rendered":"<p>CALENDARI DE PREINSCRIPCI\u00d3 I MATRICULACI\u00d3 CURS 2022-2023<br \/>\nDates de la preinscripci\u00f3: del 7 al 21 de mar\u00e7 de 2022<br \/>\nDates de la matriculaci\u00f3:\u00a0de 20 al 28 de juny de 2022<\/p>\n<p>\u00a0La\u00a0sol\u00b7licitud de preinscripci\u00f3 l\u2019has d\u2019<a href=\"https:\/\/preinscripcio.gencat.cat\/ca\/inici\/\" target=\"_blank\" rel=\"noopener\">emplenar i presentar\u00a0<\/a>ON-LINE.<\/p>\n<ul>\n<li style=\"text-align: left;\">Si necessiteu ajuda, podeu venir al centre&hellip;  <a href=\"https:\/\/agora.xtec.cat\/escola-solivent\/general\/preinscripcio-i-matriculacio-alumnat-nou\/\" title=\"Read PREINSCRIPCI\u00d3 I MATRICULACI\u00d3 ALUMNAT NOU\">Llegeix m\u00e9s\u00bb<\/a><br \/>\n","protected":false},"author":1,"featured_media":3517,"comment_status":"open","ping_status":"closed","sticky":false,"template":"","format":"standard","meta":{"_bbp_topic_count":0,"_bbp_reply_count":0,"_bbp_total_topic_count":0,"_bbp_total_reply_count":0,"_bbp_voice_count":0,"_bbp_anonymous_reply_count":0,"_bbp_topic_count_hidden":0,"_bbp_reply_count_hidden":0,"_bbp_forum_subforum_count":0,"footnotes":""},"categories":[1,2,4,5],"tags":[187,186],"class_list":["post-3516","post","type-post","status-publish","format-standard","has-post-thumbnail","hentry","category-general","category-infantil","category-portada","category-primaria","tag-matriculacio","tag-preinscripcio"],"post_mailing_queue_ids":[],"_links":{"self":[{"href":"https:\/\/agora.xtec.cat\/escola-solivent\/wp-json\/wp\/v2\/posts\/3516","targetHints":{"allow":["GET"]}}],"collection":[{"href":"https:\/\/agora.xtec.cat\/escola-solivent\/wp-json\/wp\/v2\/posts"}],"about":[{"href":"https:\/\/agora.xtec.cat\/escola-solivent\/wp-json\/wp\/v2\/types\/post"}],"author":[{"embeddable":true,"href":"https:\/\/agora.xtec.cat\/escola-solivent\/wp-json\/wp\/v2\/users\/1"}],"replies":[{"embeddable":true,"href":"https:\/\/agora.xtec.cat\/escola-solivent\/wp-json\/wp\/v2\/comments?post=3516"}],"version-history":[{"count":3,"href":"https:\/\/agora.xtec.cat\/escola-solivent\/wp-json\/wp\/v2\/posts\/3516\/revisions"}],"predecessor-version":[{"id":3521,"href":"https:\/\/agora.xtec.cat\/escola-solivent\/wp-json\/wp\/v2\/posts\/3516\/revisions\/3521"}],"wp:featuredmedia":[{"embeddable":true,"href":"https:\/\/agora.xtec.cat\/escola-solivent\/wp-json\/wp\/v2\/media\/3517"}],"wp:attachment":[{"href":"https:\/\/agora.xtec.cat\/escola-solivent\/wp-json\/wp\/v2\/media?parent=3516"}],"wp:term":[{"taxonomy":"category","embeddable":true,"href":"https:\/\/agora.xtec.cat\/escola-solivent\/wp-json\/wp\/v2\/categories?post=3516"},{"taxonomy":"post_tag","embeddable":true,"href":"https:\/\/agora.xtec.cat\/escola-solivent\/wp-json\/wp\/v2\/tags?post=3516"}],"curies":[{"name":"wp","href":"https:\/\/api.w.org\/{rel}","templated":true}]}}