{"id":3509,"date":"2022-03-04T16:44:28","date_gmt":"2022-03-04T15:44:28","guid":{"rendered":"https:\/\/agora.xtec.cat\/escola-solivent\/?p=3509"},"modified":"2022-03-04T16:44:28","modified_gmt":"2022-03-04T15:44:28","slug":"carnaval-a-lescola-sol-i-vent","status":"publish","type":"post","link":"https:\/\/agora.xtec.cat\/escola-solivent\/general\/carnaval-a-lescola-sol-i-vent\/","title":{"rendered":"CARNAVAL A L&#8217;ESCOLA SOL I VENT"},"content":{"rendered":"<p><span style=\"font-weight: 400;\">Us compartim aquest v\u00eddeo de la Setmana de Carnaval del Sol i Vent. Ens ho vam passar molt i molt b\u00e9! Sobretot perqu\u00e8 vam poder-la gaudir tots junts i juntes des de P3 fins a 6\u00e8.\u00a0<\/span><\/p>\n<p>&nbsp;<\/p>\n<p><a href=\"https:\/\/drive.google.com\/file\/d\/1KvuNEejHAoiZ0Rmx208-GFgXeYOflDEK\/view?usp=sharing\">Enlla\u00e7 v\u00eddeo<\/a><\/p>\n","protected":false},"excerpt":{"rendered":"<p>Us compartim aquest v\u00eddeo de la Setmana de Carnaval del Sol i Vent. Ens ho vam passar molt i molt b\u00e9! Sobretot perqu\u00e8 vam poder-la gaudir tots junts i juntes des de P3 fins a 6\u00e8.\u00a0<br \/>\n&nbsp;<br \/>\n<a href=\"https:\/\/drive.google.com\/file\/d\/1KvuNEejHAoiZ0Rmx208-GFgXeYOflDEK\/view?usp=sharing\">Enlla\u00e7 v\u00eddeo<\/a><\/p>\n","protected":false},"author":1,"featured_media":3510,"comment_status":"open","ping_status":"closed","sticky":false,"template":"","format":"standard","meta":{"_bbp_topic_count":0,"_bbp_reply_count":0,"_bbp_total_topic_count":0,"_bbp_total_reply_count":0,"_bbp_voice_count":0,"_bbp_anonymous_reply_count":0,"_bbp_topic_count_hidden":0,"_bbp_reply_count_hidden":0,"_bbp_forum_subforum_count":0,"footnotes":""},"categories":[1,2,4,5],"tags":[73],"class_list":["post-3509","post","type-post","status-publish","format-standard","has-post-thumbnail","hentry","category-general","category-infantil","category-portada","category-primaria","tag-carnaval"],"post_mailing_queue_ids":[],"_links":{"self":[{"href":"https:\/\/agora.xtec.cat\/escola-solivent\/wp-json\/wp\/v2\/posts\/3509","targetHints":{"allow":["GET"]}}],"collection":[{"href":"https:\/\/agora.xtec.cat\/escola-solivent\/wp-json\/wp\/v2\/posts"}],"about":[{"href":"https:\/\/agora.xtec.cat\/escola-solivent\/wp-json\/wp\/v2\/types\/post"}],"author":[{"embeddable":true,"href":"https:\/\/agora.xtec.cat\/escola-solivent\/wp-json\/wp\/v2\/users\/1"}],"replies":[{"embeddable":true,"href":"https:\/\/agora.xtec.cat\/escola-solivent\/wp-json\/wp\/v2\/comments?post=3509"}],"version-history":[{"count":1,"href":"https:\/\/agora.xtec.cat\/escola-solivent\/wp-json\/wp\/v2\/posts\/3509\/revisions"}],"predecessor-version":[{"id":3511,"href":"https:\/\/agora.xtec.cat\/escola-solivent\/wp-json\/wp\/v2\/posts\/3509\/revisions\/3511"}],"wp:featuredmedia":[{"embeddable":true,"href":"https:\/\/agora.xtec.cat\/escola-solivent\/wp-json\/wp\/v2\/media\/3510"}],"wp:attachment":[{"href":"https:\/\/agora.xtec.cat\/escola-solivent\/wp-json\/wp\/v2\/media?parent=3509"}],"wp:term":[{"taxonomy":"category","embeddable":true,"href":"https:\/\/agora.xtec.cat\/escola-solivent\/wp-json\/wp\/v2\/categories?post=3509"},{"taxonomy":"post_tag","embeddable":true,"href":"https:\/\/agora.xtec.cat\/escola-solivent\/wp-json\/wp\/v2\/tags?post=3509"}],"curies":[{"name":"wp","href":"https:\/\/api.w.org\/{rel}","templated":true}]}}