{"id":3493,"date":"2022-02-09T19:25:33","date_gmt":"2022-02-09T18:25:33","guid":{"rendered":"https:\/\/agora.xtec.cat\/escola-solivent\/?p=3493"},"modified":"2022-02-13T19:54:26","modified_gmt":"2022-02-13T18:54:26","slug":"lalumnat-de-segon-treballa-la-coordinacio-a-ef","status":"publish","type":"post","link":"https:\/\/agora.xtec.cat\/escola-solivent\/portada\/lalumnat-de-segon-treballa-la-coordinacio-a-ef\/","title":{"rendered":"L&#8217;ALUMNAT DE SEGON TREBALLA LA COORDINACI\u00d3 A EF."},"content":{"rendered":"<p>Les \u00faltimes sessions d&#8217;educaci\u00f3 f\u00edsica hem treballa la coordinaci\u00f3.<\/p>\n<p>Voleu veure quina coordinaci\u00f3 vam aconseguir amb les piques?<\/p>\n<p>Amb els mocadors va ser una mica m\u00e9s complicat&#8230;<\/p>\n<p>Mireu aqu\u00ed!<\/p>\n<p><iframe loading=\"lazy\" title=\"YouTube video player\" src=\"https:\/\/www.youtube.com\/embed\/4fC1kmEeOsg\" width=\"560\" height=\"315\" frameborder=\"0\" allowfullscreen=\"allowfullscreen\"><\/iframe><\/p>\n","protected":false},"excerpt":{"rendered":"<p>Les \u00faltimes sessions d&#8217;educaci\u00f3 f\u00edsica hem treballa la coordinaci\u00f3.<br \/>\nVoleu veure quina coordinaci\u00f3 vam aconseguir amb les piques?<br \/>\nAmb els mocadors va ser una mica m\u00e9s complicat&#8230;<br \/>\nMireu aqu\u00ed!<\/p>\n","protected":false},"author":1,"featured_media":3494,"comment_status":"open","ping_status":"closed","sticky":false,"template":"","format":"standard","meta":{"_bbp_topic_count":0,"_bbp_reply_count":0,"_bbp_total_topic_count":0,"_bbp_total_reply_count":0,"_bbp_voice_count":0,"_bbp_anonymous_reply_count":0,"_bbp_topic_count_hidden":0,"_bbp_reply_count_hidden":0,"_bbp_forum_subforum_count":0,"footnotes":""},"categories":[11,4,5],"tags":[64],"class_list":["post-3493","post","type-post","status-publish","format-standard","has-post-thumbnail","hentry","category-2n","category-portada","category-primaria","tag-educacio-fisica"],"post_mailing_queue_ids":[],"_links":{"self":[{"href":"https:\/\/agora.xtec.cat\/escola-solivent\/wp-json\/wp\/v2\/posts\/3493","targetHints":{"allow":["GET"]}}],"collection":[{"href":"https:\/\/agora.xtec.cat\/escola-solivent\/wp-json\/wp\/v2\/posts"}],"about":[{"href":"https:\/\/agora.xtec.cat\/escola-solivent\/wp-json\/wp\/v2\/types\/post"}],"author":[{"embeddable":true,"href":"https:\/\/agora.xtec.cat\/escola-solivent\/wp-json\/wp\/v2\/users\/1"}],"replies":[{"embeddable":true,"href":"https:\/\/agora.xtec.cat\/escola-solivent\/wp-json\/wp\/v2\/comments?post=3493"}],"version-history":[{"count":1,"href":"https:\/\/agora.xtec.cat\/escola-solivent\/wp-json\/wp\/v2\/posts\/3493\/revisions"}],"predecessor-version":[{"id":3495,"href":"https:\/\/agora.xtec.cat\/escola-solivent\/wp-json\/wp\/v2\/posts\/3493\/revisions\/3495"}],"wp:featuredmedia":[{"embeddable":true,"href":"https:\/\/agora.xtec.cat\/escola-solivent\/wp-json\/wp\/v2\/media\/3494"}],"wp:attachment":[{"href":"https:\/\/agora.xtec.cat\/escola-solivent\/wp-json\/wp\/v2\/media?parent=3493"}],"wp:term":[{"taxonomy":"category","embeddable":true,"href":"https:\/\/agora.xtec.cat\/escola-solivent\/wp-json\/wp\/v2\/categories?post=3493"},{"taxonomy":"post_tag","embeddable":true,"href":"https:\/\/agora.xtec.cat\/escola-solivent\/wp-json\/wp\/v2\/tags?post=3493"}],"curies":[{"name":"wp","href":"https:\/\/api.w.org\/{rel}","templated":true}]}}