{"id":3439,"date":"2021-12-13T18:09:37","date_gmt":"2021-12-13T17:09:37","guid":{"rendered":"https:\/\/agora.xtec.cat\/escola-solivent\/?p=3439"},"modified":"2021-12-13T18:09:37","modified_gmt":"2021-12-13T17:09:37","slug":"el-menjador-tambe-es-decora","status":"publish","type":"post","link":"https:\/\/agora.xtec.cat\/escola-solivent\/general\/el-menjador-tambe-es-decora\/","title":{"rendered":"EL MENJADOR TAMB\u00c9 ES DECORA"},"content":{"rendered":"<p><a href=\"https:\/\/agora.xtec.cat\/escola-solivent\/wp-content\/uploads\/usu1558\/2021\/12\/menjador-3.jpeg\"><img loading=\"lazy\" decoding=\"async\" class=\"size-medium wp-image-3440 alignleft\" src=\"https:\/\/agora.xtec.cat\/escola-solivent\/wp-content\/uploads\/usu1558\/2021\/12\/menjador-3-300x138.jpeg\" alt=\"\" width=\"300\" height=\"138\" srcset=\"https:\/\/agora.xtec.cat\/escola-solivent\/wp-content\/uploads\/usu1558\/2021\/12\/menjador-3-300x138.jpeg 300w, https:\/\/agora.xtec.cat\/escola-solivent\/wp-content\/uploads\/usu1558\/2021\/12\/menjador-3-1024x471.jpeg 1024w, https:\/\/agora.xtec.cat\/escola-solivent\/wp-content\/uploads\/usu1558\/2021\/12\/menjador-3-768x353.jpeg 768w, https:\/\/agora.xtec.cat\/escola-solivent\/wp-content\/uploads\/usu1558\/2021\/12\/menjador-3-1536x707.jpeg 1536w, https:\/\/agora.xtec.cat\/escola-solivent\/wp-content\/uploads\/usu1558\/2021\/12\/menjador-3.jpeg 1600w\" sizes=\"auto, (max-width: 300px) 100vw, 300px\" \/><\/a> <a href=\"https:\/\/agora.xtec.cat\/escola-solivent\/wp-content\/uploads\/usu1558\/2021\/12\/menjador-2.jpeg\"><img loading=\"lazy\" decoding=\"async\" class=\"aligncenter size-medium wp-image-3441\" src=\"https:\/\/agora.xtec.cat\/escola-solivent\/wp-content\/uploads\/usu1558\/2021\/12\/menjador-2-300x138.jpeg\" alt=\"\" width=\"300\" height=\"138\" srcset=\"https:\/\/agora.xtec.cat\/escola-solivent\/wp-content\/uploads\/usu1558\/2021\/12\/menjador-2-300x138.jpeg 300w, https:\/\/agora.xtec.cat\/escola-solivent\/wp-content\/uploads\/usu1558\/2021\/12\/menjador-2-1024x471.jpeg 1024w, https:\/\/agora.xtec.cat\/escola-solivent\/wp-content\/uploads\/usu1558\/2021\/12\/menjador-2-768x353.jpeg 768w, https:\/\/agora.xtec.cat\/escola-solivent\/wp-content\/uploads\/usu1558\/2021\/12\/menjador-2-1536x707.jpeg 1536w, https:\/\/agora.xtec.cat\/escola-solivent\/wp-content\/uploads\/usu1558\/2021\/12\/menjador-2.jpeg 1600w\" sizes=\"auto, (max-width: 300px) 100vw, 300px\" \/><\/a> <a href=\"https:\/\/agora.xtec.cat\/escola-solivent\/wp-content\/uploads\/usu1558\/2021\/12\/menajdor-1.jpeg\"><img loading=\"lazy\" decoding=\"async\" class=\"size-medium wp-image-3442 alignnone\" src=\"https:\/\/agora.xtec.cat\/escola-solivent\/wp-content\/uploads\/usu1558\/2021\/12\/menajdor-1-300x138.jpeg\" alt=\"\" width=\"300\" height=\"138\" \/><\/a><\/p>\n<p>Els nens i nenes que es queden a dinar a l&#8217;escola han decorat el menjador. Estones de pluja, estones de tallers&#8230; han pogut fer manualitats. Dels dels m\u00e9s petits de P3 fins als m\u00e9s grans de 6\u00e8.<\/p>\n","protected":false},"excerpt":{"rendered":"<p><a href=\"https:\/\/agora.xtec.cat\/escola-solivent\/wp-content\/uploads\/usu1558\/2021\/12\/menjador-3.jpeg\"><\/a> <a href=\"https:\/\/agora.xtec.cat\/escola-solivent\/wp-content\/uploads\/usu1558\/2021\/12\/menjador-2.jpeg\"><\/a> <a href=\"https:\/\/agora.xtec.cat\/escola-solivent\/wp-content\/uploads\/usu1558\/2021\/12\/menajdor-1.jpeg\"><\/a><br \/>\nEls nens i nenes que es queden a dinar a l&#8217;escola han decorat el menjador. Estones de pluja, estones de tallers&#8230; han pogut fer manualitats. Dels dels m\u00e9s petits de P3 fins als m\u00e9s grans de 6\u00e8.<\/p>\n","protected":false},"author":1,"featured_media":3442,"comment_status":"open","ping_status":"closed","sticky":false,"template":"","format":"standard","meta":{"_bbp_topic_count":0,"_bbp_reply_count":0,"_bbp_total_topic_count":0,"_bbp_total_reply_count":0,"_bbp_voice_count":0,"_bbp_anonymous_reply_count":0,"_bbp_topic_count_hidden":0,"_bbp_reply_count_hidden":0,"_bbp_forum_subforum_count":0,"footnotes":""},"categories":[7,1,2,4,5],"tags":[147],"class_list":["post-3439","post","type-post","status-publish","format-standard","has-post-thumbnail","hentry","category-afa","category-general","category-infantil","category-portada","category-primaria","tag-menjador"],"post_mailing_queue_ids":[],"_links":{"self":[{"href":"https:\/\/agora.xtec.cat\/escola-solivent\/wp-json\/wp\/v2\/posts\/3439","targetHints":{"allow":["GET"]}}],"collection":[{"href":"https:\/\/agora.xtec.cat\/escola-solivent\/wp-json\/wp\/v2\/posts"}],"about":[{"href":"https:\/\/agora.xtec.cat\/escola-solivent\/wp-json\/wp\/v2\/types\/post"}],"author":[{"embeddable":true,"href":"https:\/\/agora.xtec.cat\/escola-solivent\/wp-json\/wp\/v2\/users\/1"}],"replies":[{"embeddable":true,"href":"https:\/\/agora.xtec.cat\/escola-solivent\/wp-json\/wp\/v2\/comments?post=3439"}],"version-history":[{"count":2,"href":"https:\/\/agora.xtec.cat\/escola-solivent\/wp-json\/wp\/v2\/posts\/3439\/revisions"}],"predecessor-version":[{"id":3444,"href":"https:\/\/agora.xtec.cat\/escola-solivent\/wp-json\/wp\/v2\/posts\/3439\/revisions\/3444"}],"wp:featuredmedia":[{"embeddable":true,"href":"https:\/\/agora.xtec.cat\/escola-solivent\/wp-json\/wp\/v2\/media\/3442"}],"wp:attachment":[{"href":"https:\/\/agora.xtec.cat\/escola-solivent\/wp-json\/wp\/v2\/media?parent=3439"}],"wp:term":[{"taxonomy":"category","embeddable":true,"href":"https:\/\/agora.xtec.cat\/escola-solivent\/wp-json\/wp\/v2\/categories?post=3439"},{"taxonomy":"post_tag","embeddable":true,"href":"https:\/\/agora.xtec.cat\/escola-solivent\/wp-json\/wp\/v2\/tags?post=3439"}],"curies":[{"name":"wp","href":"https:\/\/api.w.org\/{rel}","templated":true}]}}