{"id":3402,"date":"2021-11-07T13:10:57","date_gmt":"2021-11-07T12:10:57","guid":{"rendered":"https:\/\/agora.xtec.cat\/escola-solivent\/?p=3402"},"modified":"2021-11-07T13:10:57","modified_gmt":"2021-11-07T12:10:57","slug":"sortim-a-buscar-la-maria-i-en-pere-castanyers","status":"publish","type":"post","link":"https:\/\/agora.xtec.cat\/escola-solivent\/infantil\/sortim-a-buscar-la-maria-i-en-pere-castanyers\/","title":{"rendered":"SORTIM A BUSCAR LA MARIA I EN PERE CASTANYERS"},"content":{"rendered":"<p>El passat divendres els nens i les nenes d&#8217;infantil vam sortir a buscar a la Maria castanyera i el seu home en Pere castanyer. Com cada any baixen de la muntanya i venen als voltants de l&#8217;escola per veure&#8217;ns. Ens expliquen an\u00e8cdotes i nosaltres els fem preguntes i els ballem les danses que tenim preparades per la festa de la Castanyada. Aquests dos personatges han sabut despertar la nostra il\u00b7lusi\u00f3 i un any m\u00e9s ens hem sentit a prop d&#8217;aquesta tradici\u00f3 catalana que arriba amb la tardor.<br \/>\n<a href=\"https:\/\/drive.google.com\/file\/d\/1qG-jllKusVBs5a75o8I4w9T5ZOzpPkcY\/view?usp=sharing\">Ho voleu veure?<\/a><\/p>\n","protected":false},"excerpt":{"rendered":"<p>El passat divendres els nens i les nenes d&#8217;infantil vam sortir a buscar a la Maria castanyera i el seu home en Pere castanyer. Com cada any baixen de la muntanya i venen als voltants de l&#8217;escola per veure&#8217;ns. Ens expliquen an\u00e8cdotes i nosaltres els&hellip;  <a href=\"https:\/\/agora.xtec.cat\/escola-solivent\/infantil\/sortim-a-buscar-la-maria-i-en-pere-castanyers\/\" title=\"Read SORTIM A BUSCAR LA MARIA I EN PERE CASTANYERS\">Llegeix m\u00e9s\u00bb<\/a><\/p>\n","protected":false},"author":1,"featured_media":3117,"comment_status":"open","ping_status":"closed","sticky":false,"template":"","format":"standard","meta":{"_bbp_topic_count":0,"_bbp_reply_count":0,"_bbp_total_topic_count":0,"_bbp_total_reply_count":0,"_bbp_voice_count":0,"_bbp_anonymous_reply_count":0,"_bbp_topic_count_hidden":0,"_bbp_reply_count_hidden":0,"_bbp_forum_subforum_count":0,"footnotes":""},"categories":[2,3,8,9,4],"tags":[],"class_list":["post-3402","post","type-post","status-publish","format-standard","has-post-thumbnail","hentry","category-infantil","category-i3","category-i4","category-i5","category-portada"],"post_mailing_queue_ids":[],"_links":{"self":[{"href":"https:\/\/agora.xtec.cat\/escola-solivent\/wp-json\/wp\/v2\/posts\/3402","targetHints":{"allow":["GET"]}}],"collection":[{"href":"https:\/\/agora.xtec.cat\/escola-solivent\/wp-json\/wp\/v2\/posts"}],"about":[{"href":"https:\/\/agora.xtec.cat\/escola-solivent\/wp-json\/wp\/v2\/types\/post"}],"author":[{"embeddable":true,"href":"https:\/\/agora.xtec.cat\/escola-solivent\/wp-json\/wp\/v2\/users\/1"}],"replies":[{"embeddable":true,"href":"https:\/\/agora.xtec.cat\/escola-solivent\/wp-json\/wp\/v2\/comments?post=3402"}],"version-history":[{"count":1,"href":"https:\/\/agora.xtec.cat\/escola-solivent\/wp-json\/wp\/v2\/posts\/3402\/revisions"}],"predecessor-version":[{"id":3403,"href":"https:\/\/agora.xtec.cat\/escola-solivent\/wp-json\/wp\/v2\/posts\/3402\/revisions\/3403"}],"wp:featuredmedia":[{"embeddable":true,"href":"https:\/\/agora.xtec.cat\/escola-solivent\/wp-json\/wp\/v2\/media\/3117"}],"wp:attachment":[{"href":"https:\/\/agora.xtec.cat\/escola-solivent\/wp-json\/wp\/v2\/media?parent=3402"}],"wp:term":[{"taxonomy":"category","embeddable":true,"href":"https:\/\/agora.xtec.cat\/escola-solivent\/wp-json\/wp\/v2\/categories?post=3402"},{"taxonomy":"post_tag","embeddable":true,"href":"https:\/\/agora.xtec.cat\/escola-solivent\/wp-json\/wp\/v2\/tags?post=3402"}],"curies":[{"name":"wp","href":"https:\/\/api.w.org\/{rel}","templated":true}]}}