{"id":3383,"date":"2021-10-17T21:04:41","date_gmt":"2021-10-17T19:04:41","guid":{"rendered":"https:\/\/agora.xtec.cat\/escola-solivent\/?p=3383"},"modified":"2021-10-17T21:04:41","modified_gmt":"2021-10-17T19:04:41","slug":"racons-a-cicle-inicial","status":"publish","type":"post","link":"https:\/\/agora.xtec.cat\/escola-solivent\/general\/racons-a-cicle-inicial\/","title":{"rendered":"RACONS A CICLE INICIAL"},"content":{"rendered":"<p><span style=\"font-weight: 400;\">Hola fam\u00edlies,\u00a0<\/span><\/p>\n<p><span style=\"font-weight: 400;\">Els nens i les nenes de Cicle Inicial ja hem comen\u00e7at a treballar amb els racons.\u00a0<\/span><\/p>\n<p><span style=\"font-weight: 400;\">Us en recordeu que a la reuni\u00f3 vam explicar que tenim 3 racons distribu\u00efts en les dues aules?<\/span><\/p>\n<p><span style=\"font-weight: 400;\">A 1r hi tenim el rac\u00f3 de joc simb\u00f2lic que ara hi ha el centre m\u00e8dic, el rac\u00f3 de mates i el rac\u00f3 art\u00edstic i de grafomotricitat.\u00a0<\/span><\/p>\n<p><span style=\"font-weight: 400;\">A 2n hi ha el rac\u00f3 de l\u2019escriptor, el rac\u00f3 de construccions i el rac\u00f3 de descoberta.<\/span><\/p>\n<p><span style=\"font-weight: 400;\">Aquestes primeres sessions ens ha tocat construir la casa de col\u00f2nies, quina feinada!\u00a0 i investigar el tangram!<\/span><\/p>\n<p><span style=\"font-weight: 400;\">Al rac\u00f3 de descoberta ha arribat la tardor i hem pogut con\u00e8ixer i descobrir els seus fruits i elements caracter\u00edstics! ah! i hem investigat plantes del nostre rac\u00f3 que haurem de cuidar.\u00a0<\/span><\/p>\n<p><span style=\"font-weight: 400;\">Al rac\u00f3 art\u00edstic hem fet anar les tisores amunt i avall tot retallant i fent creacions d\u2019all\u00f2 m\u00e9s originals.<\/span><\/p>\n<p><span style=\"font-weight: 400;\">I hem comen\u00e7at a preparar la carpeta de l\u2019artista on hi guardarem totes les obres d\u2019art!<\/span><\/p>\n<p><span style=\"font-weight: 400;\">El centre m\u00e8dic hem pogut anar a curar les nostres ferides, passant per la sala d\u2019espera, el taulell fins a arribar dins de la consulta.\u00a0<\/span><\/p>\n<p><span style=\"font-weight: 400;\">I en el rac\u00f3 de construccions hem representat la casa de col\u00f2nies amb &#8220;legos&#8221;, tota una feinada! perqu\u00e8 hem posat pe\u00e7a per pe\u00e7a, sort de les fotografies que ens ajudaven a guiar-nos. Despr\u00e9s l\u2019hem representar sobre el full!\u00a0 Per cert, tamb\u00e9 em descobert el Tangram, i hem pogut construir junts un quadrat, al principi sembla dif\u00edcil, per\u00f2 en equip ho hem aconseguit!\u00a0<\/span><\/p>\n<p><a href=\"https:\/\/drive.google.com\/file\/d\/1v_nKVmJ94jVNAuEbInIHxWyEzVgtCiPh\/view?usp=sharing\">MIREU AQUEST V\u00cdDEO!\u00a0<\/a><\/p>\n","protected":false},"excerpt":{"rendered":"<p>Hola fam\u00edlies,\u00a0<br \/>\nEls nens i les nenes de Cicle Inicial ja hem comen\u00e7at a treballar amb els racons.\u00a0<br \/>\nUs en recordeu que a la reuni\u00f3 vam explicar que tenim 3 racons distribu\u00efts en les dues aules?<br \/>\nA 1r hi tenim el rac\u00f3 de joc simb\u00f2lic que ara hi&hellip;  <a href=\"https:\/\/agora.xtec.cat\/escola-solivent\/general\/racons-a-cicle-inicial\/\" title=\"Read RACONS A CICLE INICIAL\">Llegeix m\u00e9s\u00bb<\/a><\/p>\n","protected":false},"author":1,"featured_media":3384,"comment_status":"open","ping_status":"closed","sticky":false,"template":"","format":"standard","meta":{"_bbp_topic_count":0,"_bbp_reply_count":0,"_bbp_total_topic_count":0,"_bbp_total_reply_count":0,"_bbp_voice_count":0,"_bbp_anonymous_reply_count":0,"_bbp_topic_count_hidden":0,"_bbp_reply_count_hidden":0,"_bbp_forum_subforum_count":0,"footnotes":""},"categories":[10,11,1,4,5],"tags":[],"class_list":["post-3383","post","type-post","status-publish","format-standard","has-post-thumbnail","hentry","category-1r","category-2n","category-general","category-portada","category-primaria"],"post_mailing_queue_ids":[],"_links":{"self":[{"href":"https:\/\/agora.xtec.cat\/escola-solivent\/wp-json\/wp\/v2\/posts\/3383","targetHints":{"allow":["GET"]}}],"collection":[{"href":"https:\/\/agora.xtec.cat\/escola-solivent\/wp-json\/wp\/v2\/posts"}],"about":[{"href":"https:\/\/agora.xtec.cat\/escola-solivent\/wp-json\/wp\/v2\/types\/post"}],"author":[{"embeddable":true,"href":"https:\/\/agora.xtec.cat\/escola-solivent\/wp-json\/wp\/v2\/users\/1"}],"replies":[{"embeddable":true,"href":"https:\/\/agora.xtec.cat\/escola-solivent\/wp-json\/wp\/v2\/comments?post=3383"}],"version-history":[{"count":1,"href":"https:\/\/agora.xtec.cat\/escola-solivent\/wp-json\/wp\/v2\/posts\/3383\/revisions"}],"predecessor-version":[{"id":3385,"href":"https:\/\/agora.xtec.cat\/escola-solivent\/wp-json\/wp\/v2\/posts\/3383\/revisions\/3385"}],"wp:featuredmedia":[{"embeddable":true,"href":"https:\/\/agora.xtec.cat\/escola-solivent\/wp-json\/wp\/v2\/media\/3384"}],"wp:attachment":[{"href":"https:\/\/agora.xtec.cat\/escola-solivent\/wp-json\/wp\/v2\/media?parent=3383"}],"wp:term":[{"taxonomy":"category","embeddable":true,"href":"https:\/\/agora.xtec.cat\/escola-solivent\/wp-json\/wp\/v2\/categories?post=3383"},{"taxonomy":"post_tag","embeddable":true,"href":"https:\/\/agora.xtec.cat\/escola-solivent\/wp-json\/wp\/v2\/tags?post=3383"}],"curies":[{"name":"wp","href":"https:\/\/api.w.org\/{rel}","templated":true}]}}