{"id":3359,"date":"2021-10-03T13:15:43","date_gmt":"2021-10-03T11:15:43","guid":{"rendered":"https:\/\/agora.xtec.cat\/escola-solivent\/?p=3359"},"modified":"2021-10-03T13:15:43","modified_gmt":"2021-10-03T11:15:43","slug":"som-hi-cicle-inicial","status":"publish","type":"post","link":"https:\/\/agora.xtec.cat\/escola-solivent\/general\/som-hi-cicle-inicial\/","title":{"rendered":"SOM-HI CICLE INICIAL!"},"content":{"rendered":"<p><b>SORTIDA CONVIV\u00c8NCIA CI<\/b><\/p>\n<p><span style=\"font-weight: 400;\">El passat 17 de setembre els nens i nenes de Cicle Inicial vam fer una sortida de conviv\u00e8ncia pel nostre entorn. Vam anar al Parc de les Fires, all\u00e0 vam fer diferents jocs per tal de formar un bon vincle entre el grup de Cicle Inicial, juntament amb l\u2019Equip de mestres.<\/span><\/p>\n<p><span style=\"font-weight: 400;\">Va ser una sortida plena de rialles, emocions, curiositats i sobretot de retrobament despr\u00e9s del llarg estiu.\u00a0<\/span><\/p>\n<p><span style=\"font-weight: 400;\">Creiem que m\u00e9s enll\u00e0 de les classes tamb\u00e9 \u00e9s molt important refor\u00e7ar i viure moments fora de l\u2019aula, on es potencien les relacions entre els\/les alumnes i les mestres.\u00a0\u00a0<\/span><\/p>\n<p><span style=\"font-weight: 400;\">Aqu\u00ed us compartim algunes fotografies del dia que vam passar.\u00a0\u00a0<\/span><\/p>\n<p><a href=\"https:\/\/agora.xtec.cat\/escola-solivent\/wp-content\/uploads\/usu1558\/2021\/10\/cicle-inicial.jpeg\"><img loading=\"lazy\" decoding=\"async\" class=\"aligncenter size-medium wp-image-3362\" src=\"https:\/\/agora.xtec.cat\/escola-solivent\/wp-content\/uploads\/usu1558\/2021\/10\/cicle-inicial-300x169.jpeg\" alt=\"\" width=\"300\" height=\"169\" srcset=\"https:\/\/agora.xtec.cat\/escola-solivent\/wp-content\/uploads\/usu1558\/2021\/10\/cicle-inicial-300x169.jpeg 300w, https:\/\/agora.xtec.cat\/escola-solivent\/wp-content\/uploads\/usu1558\/2021\/10\/cicle-inicial-1024x576.jpeg 1024w, https:\/\/agora.xtec.cat\/escola-solivent\/wp-content\/uploads\/usu1558\/2021\/10\/cicle-inicial-768x432.jpeg 768w, https:\/\/agora.xtec.cat\/escola-solivent\/wp-content\/uploads\/usu1558\/2021\/10\/cicle-inicial-1536x864.jpeg 1536w, https:\/\/agora.xtec.cat\/escola-solivent\/wp-content\/uploads\/usu1558\/2021\/10\/cicle-inicial.jpeg 1920w\" sizes=\"auto, (max-width: 300px) 100vw, 300px\" \/><\/a><\/p>\n<p>&nbsp;<\/p>\n","protected":false},"excerpt":{"rendered":"<p>SORTIDA CONVIV\u00c8NCIA CI<br \/>\nEl passat 17 de setembre els nens i nenes de Cicle Inicial vam fer una sortida de conviv\u00e8ncia pel nostre entorn. Vam anar al Parc de les Fires, all\u00e0 vam fer diferents jocs per tal de formar un bon vincle entre el grup&hellip;  <a href=\"https:\/\/agora.xtec.cat\/escola-solivent\/general\/som-hi-cicle-inicial\/\" title=\"Read SOM-HI CICLE INICIAL!\">Llegeix m\u00e9s\u00bb<\/a><\/p>\n","protected":false},"author":1,"featured_media":3348,"comment_status":"open","ping_status":"closed","sticky":false,"template":"","format":"standard","meta":{"_bbp_topic_count":0,"_bbp_reply_count":0,"_bbp_total_topic_count":0,"_bbp_total_reply_count":0,"_bbp_voice_count":0,"_bbp_anonymous_reply_count":0,"_bbp_topic_count_hidden":0,"_bbp_reply_count_hidden":0,"_bbp_forum_subforum_count":0,"footnotes":""},"categories":[10,11,1,4,5],"tags":[],"class_list":["post-3359","post","type-post","status-publish","format-standard","has-post-thumbnail","hentry","category-1r","category-2n","category-general","category-portada","category-primaria"],"post_mailing_queue_ids":[],"_links":{"self":[{"href":"https:\/\/agora.xtec.cat\/escola-solivent\/wp-json\/wp\/v2\/posts\/3359","targetHints":{"allow":["GET"]}}],"collection":[{"href":"https:\/\/agora.xtec.cat\/escola-solivent\/wp-json\/wp\/v2\/posts"}],"about":[{"href":"https:\/\/agora.xtec.cat\/escola-solivent\/wp-json\/wp\/v2\/types\/post"}],"author":[{"embeddable":true,"href":"https:\/\/agora.xtec.cat\/escola-solivent\/wp-json\/wp\/v2\/users\/1"}],"replies":[{"embeddable":true,"href":"https:\/\/agora.xtec.cat\/escola-solivent\/wp-json\/wp\/v2\/comments?post=3359"}],"version-history":[{"count":3,"href":"https:\/\/agora.xtec.cat\/escola-solivent\/wp-json\/wp\/v2\/posts\/3359\/revisions"}],"predecessor-version":[{"id":3363,"href":"https:\/\/agora.xtec.cat\/escola-solivent\/wp-json\/wp\/v2\/posts\/3359\/revisions\/3363"}],"wp:featuredmedia":[{"embeddable":true,"href":"https:\/\/agora.xtec.cat\/escola-solivent\/wp-json\/wp\/v2\/media\/3348"}],"wp:attachment":[{"href":"https:\/\/agora.xtec.cat\/escola-solivent\/wp-json\/wp\/v2\/media?parent=3359"}],"wp:term":[{"taxonomy":"category","embeddable":true,"href":"https:\/\/agora.xtec.cat\/escola-solivent\/wp-json\/wp\/v2\/categories?post=3359"},{"taxonomy":"post_tag","embeddable":true,"href":"https:\/\/agora.xtec.cat\/escola-solivent\/wp-json\/wp\/v2\/tags?post=3359"}],"curies":[{"name":"wp","href":"https:\/\/api.w.org\/{rel}","templated":true}]}}