{"id":3254,"date":"2021-04-28T16:14:24","date_gmt":"2021-04-28T14:14:24","guid":{"rendered":"http:\/\/agora.xtec.cat\/escola-solivent\/?p=3254"},"modified":"2021-04-28T16:14:24","modified_gmt":"2021-04-28T14:14:24","slug":"diada-de-sant-jordi-a-lescola","status":"publish","type":"post","link":"https:\/\/agora.xtec.cat\/escola-solivent\/infantil\/diada-de-sant-jordi-a-lescola\/","title":{"rendered":"DIADA DE SANT JORDI A L&#8217;ESCOLA"},"content":{"rendered":"<p><span style=\"font-weight: 400;\">EL PASSAT SANT JORDI VA SER UN DIA MOLT ESPECIAL A L\u2019ESCOLA SOL I VENT. AL MAT\u00cd LES MESTRES D\u2019INFANTIL VAN FER EL TEATRE DE LA LLEGENDA.\u00a0 ELS NENS I NENES S\u2019HO VAN PASSAR D\u2019ALL\u00d2 M\u00c9S B\u00c9. A LA TARDA TOT L\u2019ALUMNAT ES VA REUNIR AL PATI DE PRIM\u00c0RIA PER CELEBRAR ELS JOCS FLORALS. HO VOLEU VEURE? <\/span><\/p>\n<p><span style=\"font-weight: 400;\">AQU\u00cd EN TENIU UN PETIT V\u00cdDEO.<\/span><\/p>\n<p><a href=\"https:\/\/drive.google.com\/file\/d\/1KOody8KSHwZYeWFYCEII9H_odc8YPjNN\/view?usp=sharing\">CLIQUEU AQU\u00cd\u00a0<\/a><\/p>\n<p>&nbsp;<\/p>\n","protected":false},"excerpt":{"rendered":"<p>EL PASSAT SANT JORDI VA SER UN DIA MOLT ESPECIAL A L\u2019ESCOLA SOL I VENT. AL MAT\u00cd LES MESTRES D\u2019INFANTIL VAN FER EL TEATRE DE LA LLEGENDA.\u00a0 ELS NENS I NENES S\u2019HO VAN PASSAR D\u2019ALL\u00d2 M\u00c9S B\u00c9. A LA TARDA TOT L\u2019ALUMNAT ES VA REUNIR&hellip;  <a href=\"https:\/\/agora.xtec.cat\/escola-solivent\/infantil\/diada-de-sant-jordi-a-lescola\/\" title=\"Read DIADA DE SANT JORDI A L&#8217;ESCOLA\">Llegeix m\u00e9s\u00bb<\/a><\/p>\n","protected":false},"author":1,"featured_media":3255,"comment_status":"open","ping_status":"closed","sticky":false,"template":"","format":"standard","meta":{"_bbp_topic_count":0,"_bbp_reply_count":0,"_bbp_total_topic_count":0,"_bbp_total_reply_count":0,"_bbp_voice_count":0,"_bbp_anonymous_reply_count":0,"_bbp_topic_count_hidden":0,"_bbp_reply_count_hidden":0,"_bbp_forum_subforum_count":0,"footnotes":""},"categories":[2,4,5],"tags":[81],"class_list":["post-3254","post","type-post","status-publish","format-standard","has-post-thumbnail","hentry","category-infantil","category-portada","category-primaria","tag-jocs-florals"],"post_mailing_queue_ids":[],"_links":{"self":[{"href":"https:\/\/agora.xtec.cat\/escola-solivent\/wp-json\/wp\/v2\/posts\/3254","targetHints":{"allow":["GET"]}}],"collection":[{"href":"https:\/\/agora.xtec.cat\/escola-solivent\/wp-json\/wp\/v2\/posts"}],"about":[{"href":"https:\/\/agora.xtec.cat\/escola-solivent\/wp-json\/wp\/v2\/types\/post"}],"author":[{"embeddable":true,"href":"https:\/\/agora.xtec.cat\/escola-solivent\/wp-json\/wp\/v2\/users\/1"}],"replies":[{"embeddable":true,"href":"https:\/\/agora.xtec.cat\/escola-solivent\/wp-json\/wp\/v2\/comments?post=3254"}],"version-history":[{"count":1,"href":"https:\/\/agora.xtec.cat\/escola-solivent\/wp-json\/wp\/v2\/posts\/3254\/revisions"}],"predecessor-version":[{"id":3256,"href":"https:\/\/agora.xtec.cat\/escola-solivent\/wp-json\/wp\/v2\/posts\/3254\/revisions\/3256"}],"wp:featuredmedia":[{"embeddable":true,"href":"https:\/\/agora.xtec.cat\/escola-solivent\/wp-json\/wp\/v2\/media\/3255"}],"wp:attachment":[{"href":"https:\/\/agora.xtec.cat\/escola-solivent\/wp-json\/wp\/v2\/media?parent=3254"}],"wp:term":[{"taxonomy":"category","embeddable":true,"href":"https:\/\/agora.xtec.cat\/escola-solivent\/wp-json\/wp\/v2\/categories?post=3254"},{"taxonomy":"post_tag","embeddable":true,"href":"https:\/\/agora.xtec.cat\/escola-solivent\/wp-json\/wp\/v2\/tags?post=3254"}],"curies":[{"name":"wp","href":"https:\/\/api.w.org\/{rel}","templated":true}]}}